{"id":35902,"date":"2021-04-19T09:35:20","date_gmt":"2021-04-19T12:35:20","guid":{"rendered":"http:\/\/nautic.wnpower.host\/?p=35902"},"modified":"2021-04-19T09:35:20","modified_gmt":"2021-04-19T12:35:20","slug":"francisco-guaragna-a-tokio-no-voy-a-ir-de-paseo","status":"publish","type":"post","link":"https:\/\/nautica.news\/es\/francisco-guaragna-a-tokio-no-voy-a-ir-de-paseo\/","title":{"rendered":"FRANCISCO GUARAGNA: \u201cA TOKIO NO VOY A IR DE PASEO\u201d"},"content":{"rendered":"<h1 class=\"grve-post-simple-title\">FRANCISCO GUARAGNA<\/h1>\n<div id=\"grve-meta-simple-style\">\n<div id=\"grve-social-share-responsive\" class=\"grve-social-style-classic grve-primary-1\"><\/div>\n<\/div>\n<div>\n<div class=\"grve-section\" data-section-title=\"\" data-section-type=\"fullwidth-background\" data-image-type=\"none\" data-full-height=\"no\">\n<div class=\"grve-row grve-bookmark\">\n<div class=\"wpb_column grve-column grve-bookmark grve-column-1\">\n<div class=\"grve-element grve-text\">\n<blockquote><p><strong>\u00abS\u00e9 que es dif\u00edcil ir por una medalla ol\u00edmpica, pero no es imposible so\u00f1ar. De los 35 pa\u00edses participantes, 10 son pesos pesados y ya les gan\u00e9\u00bb, asegura el velista argentino.<\/strong><\/p><\/blockquote>\n<p>En plena preparaci\u00f3n para los Juegos Ol\u00edmpicos de Tokio, el velista Francisco \u201cPancho\u201d Guaragna pas\u00f3 por el CeNARD para ultimar detalles en su \u00faltimo tramo de la puesta a punto. \u201cAcabo de realizar una muy buena preparaci\u00f3n en Buenos Aires de cara al clasificatorio de Portugal, que otorga dos plazas ol\u00edmpicas y ser\u00e1 una buena medida. Yo s\u00f3lo aviso que a Tokio no voy a ir de paseo\u201d, le coment\u00f3 a www.deportes.gov.ar Pancho Guaragna, en la previa de su primer Juegos Ol\u00edmpico.<\/p>\n<p>Guaragna, quien a sus 23 a\u00f1os representar\u00e1 en Tokio en la clase Laser, de yachting; naci\u00f3 en la ciudad santafesina de Rufino y se cri\u00f3 en el Club N\u00e1utico de Jun\u00edn, donde a sus cinco a\u00f1os se subi\u00f3 por primera vez a un barco de la mano de su padre y naveg\u00f3 sobre las aguas de la Laguna de G\u00f3mez, uno de sus lugares preferidos del mundo.<\/p>\n<p><a href=\"https:\/\/fay.org\/?s=francisco+guaragna\" target=\"_blank\" rel=\"noopener\"><img loading=\"lazy\" decoding=\"async\" class=\"aligncenter\" title=\"Francisco Guaragna navegando\" src=\"https:\/\/www.argentina.gob.ar\/sites\/default\/files\/whatsapp_image_2021-04-03_at_16.32.17_1.jpeg\" alt=\"Francisco Guaragna navegando\" width=\"1280\" height=\"852\" \/><\/a><\/p>\n<p><strong>\u201cVoy con una mentalidad desafiante y sin barrera.<\/strong> Con todo pero sin presi\u00f3n y eso es lo que me va a permitir competir como si estuviera en la laguna de Jun\u00edn. S\u00e9 que es dif\u00edcil ir por una medalla ol\u00edmpica, pero no es imposible so\u00f1ar. De los 35 pa\u00edses participantes, 10 son pesos pesados que ganaron medallas en Juegos Ol\u00edmpicos y mundiales, y ya les gan\u00e9. S\u00e9 que no es lo mismo un torneo que la competencia ol\u00edmpica, pero es un dato\u201d, expres\u00f3 con optimismo.<\/p>\n<p><strong>\u201cDespu\u00e9s de Portugal, espero poder participar el 8 de mayo en el campeonato europeo de Bulgaria, esta segunda ola de contagios hace que tengamos que ir re-planificando todo el tiempo<\/strong>. Y nuestra idea es finalizar la preparaci\u00f3n en Espa\u00f1a, entrenando con los mejores para hacer el \u00faltimo sprint en Europa. Espero con mucha expectativa al 12 de julio, cuando estar\u00e9 en Jap\u00f3n\u201d, sintetiz\u00f3 Pancho.<\/p>\n<blockquote><p>Por \u00faltimo habl\u00f3 de c\u00f3mo lo fortaleci\u00f3 el a\u00f1o de pandemia: \u201cEstoy seguro y tranquilo de que voy a hacer un gran papel, la gran presi\u00f3n la tienen los candidatos y con mi equipo nos aferramos al trabajo, eso es lo que me hizo fuerte en los peores meses de la cuarentena\u201d.<\/p><\/blockquote>\n<p>&nbsp;<\/p>\n<\/div>\n<\/div>\n<\/div>\n<\/div>\n<\/div>\n","protected":false},"excerpt":{"rendered":"<p>FRANCISCO GUARAGNA \u00abS\u00e9 que es dif\u00edcil ir por una medalla ol\u00edmpica, pero no es imposible so\u00f1ar. De los 35 pa\u00edses participantes, 10 son pesos pesados y ya les gan\u00e9\u00bb, asegura el velista argentino. En plena preparaci\u00f3n para los Juegos Ol\u00edmpicos de Tokio, el velista Francisco \u201cPancho\u201d Guaragna pas\u00f3 por el CeNARD para ultimar detalles en [&hellip;]<\/p>\n","protected":false},"author":1,"featured_media":35903,"comment_status":"open","ping_status":"open","sticky":false,"template":"","format":"standard","meta":{"_jetpack_memberships_contains_paid_content":false,"footnotes":""},"categories":[904],"tags":[220,1152],"class_list":{"0":"post-35902","1":"post","2":"type-post","3":"status-publish","4":"format-standard","5":"has-post-thumbnail","7":"category-fay","8":"tag-fay","9":"tag-francisco-guaragna"},"jetpack_featured_media_url":"","jetpack_sharing_enabled":true,"jetpack-related-posts":[],"_links":{"self":[{"href":"https:\/\/nautica.news\/es\/wp-json\/wp\/v2\/posts\/35902","targetHints":{"allow":["GET"]}}],"collection":[{"href":"https:\/\/nautica.news\/es\/wp-json\/wp\/v2\/posts"}],"about":[{"href":"https:\/\/nautica.news\/es\/wp-json\/wp\/v2\/types\/post"}],"author":[{"embeddable":true,"href":"https:\/\/nautica.news\/es\/wp-json\/wp\/v2\/users\/1"}],"replies":[{"embeddable":true,"href":"https:\/\/nautica.news\/es\/wp-json\/wp\/v2\/comments?post=35902"}],"version-history":[{"count":0,"href":"https:\/\/nautica.news\/es\/wp-json\/wp\/v2\/posts\/35902\/revisions"}],"wp:featuredmedia":[{"embeddable":true,"href":"https:\/\/nautica.news\/es\/wp-json\/"}],"wp:attachment":[{"href":"https:\/\/nautica.news\/es\/wp-json\/wp\/v2\/media?parent=35902"}],"wp:term":[{"taxonomy":"category","embeddable":true,"href":"https:\/\/nautica.news\/es\/wp-json\/wp\/v2\/categories?post=35902"},{"taxonomy":"post_tag","embeddable":true,"href":"https:\/\/nautica.news\/es\/wp-json\/wp\/v2\/tags?post=35902"}],"curies":[{"name":"wp","href":"https:\/\/api.w.org\/{rel}","templated":true}]}}