{"id":35880,"date":"2021-04-17T18:05:08","date_gmt":"2021-04-17T21:05:08","guid":{"rendered":"http:\/\/nautic.wnpower.host\/?p=35880"},"modified":"2021-04-17T18:05:08","modified_gmt":"2021-04-17T21:05:08","slug":"palma-superyacht-show-confirma-nuevas-fechas","status":"publish","type":"post","link":"https:\/\/nautica.news\/es\/palma-superyacht-show-confirma-nuevas-fechas\/","title":{"rendered":"PALMA SUPERYACHT SHOW CONFIRMA  NUEVAS FECHAS"},"content":{"rendered":"<p><strong>PALMA SUPERYACHT SHOW<\/strong><\/p>\n<p>Los organizadores del <strong>Palma Superyacht Show<\/strong> confirman las nuevas fechas del evento para 2021.<br \/>\nEl espect\u00e1culo ahora se llevar\u00e1 a cabo desde el 3 de junio hasta el 6 de junio. El evento deb\u00eda tener lugar del 30 de abril al 3 de mayo.<\/p>\n<p>Siguiendo de cerca la evoluci\u00f3n y los efectos de la pandemia , creen que un aplazamiento es la opci\u00f3n correcta para todos los involucrados.<br \/>\nLas nuevas fechas coinciden con la reapertura de la mayor\u00eda de los hoteles de la isla y un inicio previsto del turismo balear.<\/p>\n<p>El <strong>PALMA SUPERYACHT SHOW<\/strong> est\u00e1 haciendo todo lo posible para organizar el tipo de evento de calidad al que visitantes y expositores se han acostumbrado<\/p>\n<p>Aunque m\u00e1s tarde de lo planeado inicialmente, el <strong>Palma Superyacht Show<\/strong> seguir\u00e1 adelante.<\/p>\n","protected":false},"excerpt":{"rendered":"<p>PALMA SUPERYACHT SHOW Los organizadores del Palma Superyacht Show confirman las nuevas fechas del evento para 2021. El espect\u00e1culo ahora se llevar\u00e1 a cabo desde el 3 de junio hasta el 6 de junio. El evento deb\u00eda tener lugar del 30 de abril al 3 de mayo. Siguiendo de cerca la evoluci\u00f3n y los efectos [&hellip;]<\/p>\n","protected":false},"author":1,"featured_media":35881,"comment_status":"open","ping_status":"open","sticky":false,"template":"","format":"standard","meta":{"_jetpack_memberships_contains_paid_content":false,"footnotes":""},"categories":[1106],"tags":[2504],"class_list":{"0":"post-35880","1":"post","2":"type-post","3":"status-publish","4":"format-standard","5":"has-post-thumbnail","7":"category-boat-show","8":"tag-palma-superyacht-show"},"jetpack_featured_media_url":"","jetpack_sharing_enabled":true,"jetpack-related-posts":[],"_links":{"self":[{"href":"https:\/\/nautica.news\/es\/wp-json\/wp\/v2\/posts\/35880","targetHints":{"allow":["GET"]}}],"collection":[{"href":"https:\/\/nautica.news\/es\/wp-json\/wp\/v2\/posts"}],"about":[{"href":"https:\/\/nautica.news\/es\/wp-json\/wp\/v2\/types\/post"}],"author":[{"embeddable":true,"href":"https:\/\/nautica.news\/es\/wp-json\/wp\/v2\/users\/1"}],"replies":[{"embeddable":true,"href":"https:\/\/nautica.news\/es\/wp-json\/wp\/v2\/comments?post=35880"}],"version-history":[{"count":0,"href":"https:\/\/nautica.news\/es\/wp-json\/wp\/v2\/posts\/35880\/revisions"}],"wp:featuredmedia":[{"embeddable":true,"href":"https:\/\/nautica.news\/es\/wp-json\/"}],"wp:attachment":[{"href":"https:\/\/nautica.news\/es\/wp-json\/wp\/v2\/media?parent=35880"}],"wp:term":[{"taxonomy":"category","embeddable":true,"href":"https:\/\/nautica.news\/es\/wp-json\/wp\/v2\/categories?post=35880"},{"taxonomy":"post_tag","embeddable":true,"href":"https:\/\/nautica.news\/es\/wp-json\/wp\/v2\/tags?post=35880"}],"curies":[{"name":"wp","href":"https:\/\/api.w.org\/{rel}","templated":true}]}}