{"id":35741,"date":"2021-04-12T09:29:39","date_gmt":"2021-04-12T12:29:39","guid":{"rendered":"http:\/\/nautic.wnpower.host\/?p=35741"},"modified":"2021-04-12T09:29:39","modified_gmt":"2021-04-12T12:29:39","slug":"peces-muertos-en-la-laguna-de-junin","status":"publish","type":"post","link":"https:\/\/nautica.news\/es\/peces-muertos-en-la-laguna-de-junin\/","title":{"rendered":"Laguna  de Jun\u00edn. Miles  de peces muertos"},"content":{"rendered":"<h3>Laguna de Jun\u00edn. Miles de peces muertos<\/h3>\n<p><strong>Esto \u00a0habr\u00eda ocurrido por la falta de ox\u00edgeno en el agua, consecuencia \u00a0de fuertes r\u00e1fagas y sequ\u00eda<\/strong><\/p>\n<p>Un fuerte viento del sur que sopl\u00f3 toda la noche del s\u00e1bado en Jun\u00edn, dej\u00f3 miles de peces muertos en la Laguna de G\u00f3mez , arrastrados hasta la orilla.<\/p>\n<p>Los habitantes de Jun\u00edn se encontraron \u00a0este domingo por la ma\u00f1ana , con miles de pejerreyes, carpas y bagres apilados \u00a0a metros del agua.<\/p>\n<p>El fen\u00f3meno se origin\u00f3 porque las grandes r\u00e1fagas removieron el fondo de la laguna donde hay gran concentraci\u00f3n de detritos, producto de la sequ\u00eda que afect\u00f3 a la zona.<\/p>\n<p>Estos detritos son part\u00edculas que surgieron como resultado de la descomposici\u00f3n de una masa s\u00f3lida, y causaron la falta de ox\u00edgeno en el agua que deriv\u00f3 en la muerte de los peces que ya sin vida, fueron arrastrados por la corriente tierra firme.<\/p>\n<p>En 2012 tambi\u00e9n murieron miles de peces por la disminuci\u00f3n de su volumen de agua tras una fuerte sequ\u00eda.<\/p>\n","protected":false},"excerpt":{"rendered":"<p>Laguna de Jun\u00edn. Miles de peces muertos Esto \u00a0habr\u00eda ocurrido por la falta de ox\u00edgeno en el agua, consecuencia \u00a0de fuertes r\u00e1fagas y sequ\u00eda Un fuerte viento del sur que sopl\u00f3 toda la noche del s\u00e1bado en Jun\u00edn, dej\u00f3 miles de peces muertos en la Laguna de G\u00f3mez , arrastrados hasta la orilla. Los habitantes [&hellip;]<\/p>\n","protected":false},"author":1,"featured_media":35742,"comment_status":"open","ping_status":"open","sticky":false,"template":"","format":"standard","meta":{"_jetpack_memberships_contains_paid_content":false,"footnotes":""},"categories":[109],"tags":[2482],"class_list":{"0":"post-35741","1":"post","2":"type-post","3":"status-publish","4":"format-standard","5":"has-post-thumbnail","7":"category-medio-ambiente","8":"tag-laguna-de-junin"},"jetpack_featured_media_url":"","jetpack_sharing_enabled":true,"jetpack-related-posts":[],"_links":{"self":[{"href":"https:\/\/nautica.news\/es\/wp-json\/wp\/v2\/posts\/35741","targetHints":{"allow":["GET"]}}],"collection":[{"href":"https:\/\/nautica.news\/es\/wp-json\/wp\/v2\/posts"}],"about":[{"href":"https:\/\/nautica.news\/es\/wp-json\/wp\/v2\/types\/post"}],"author":[{"embeddable":true,"href":"https:\/\/nautica.news\/es\/wp-json\/wp\/v2\/users\/1"}],"replies":[{"embeddable":true,"href":"https:\/\/nautica.news\/es\/wp-json\/wp\/v2\/comments?post=35741"}],"version-history":[{"count":0,"href":"https:\/\/nautica.news\/es\/wp-json\/wp\/v2\/posts\/35741\/revisions"}],"wp:featuredmedia":[{"embeddable":true,"href":"https:\/\/nautica.news\/es\/wp-json\/"}],"wp:attachment":[{"href":"https:\/\/nautica.news\/es\/wp-json\/wp\/v2\/media?parent=35741"}],"wp:term":[{"taxonomy":"category","embeddable":true,"href":"https:\/\/nautica.news\/es\/wp-json\/wp\/v2\/categories?post=35741"},{"taxonomy":"post_tag","embeddable":true,"href":"https:\/\/nautica.news\/es\/wp-json\/wp\/v2\/tags?post=35741"}],"curies":[{"name":"wp","href":"https:\/\/api.w.org\/{rel}","templated":true}]}}