{"id":34359,"date":"2021-02-24T09:38:20","date_gmt":"2021-02-24T12:38:20","guid":{"rendered":"http:\/\/nautic.wnpower.host\/?p=34359"},"modified":"2021-02-24T09:38:20","modified_gmt":"2021-02-24T12:38:20","slug":"superyacht-cup-2021","status":"publish","type":"post","link":"https:\/\/nautica.news\/es\/superyacht-cup-2021\/","title":{"rendered":"La Superyacht Cup 2021 se traslada al Real Club N\u00e1utico de Palma"},"content":{"rendered":"<p>El <strong>Real Club N\u00e1utico de Palma<\/strong> (RCNP) ser\u00e1 este a\u00f1o la sede oficial de la vig\u00e9simo quinta edici\u00f3n de la prestigiosa regata Superyacht Cup Palma, la\u00a0regata de superyates m\u00e1s antigua de Europa programada entre el 23 y el 26 de junio y que se espera re\u00fana a una docena de grandes veleros procedentes de distintas partes del mundo.<\/p>\n<p>La prueba, una de las m\u00e1s importantes de su clase en el Mediterr\u00e1neo, est\u00e1 supeditada a la concesi\u00f3n de las pertinentes autorizaciones de las autoridades sanitarias. Ambas partes conf\u00edan en que la situaci\u00f3n epidemiol\u00f3gica haya mejorado en el mes de junio y que los protocolos de seguridad permitan un normal desarrollo del acontecimiento.<\/p>\n<p>El mayor grado de implicaci\u00f3n del RCNP en la regata, organizada por Aquamarine Events, S.L, se ha visto plasmado hoy mediante un acuerdo rubricado por el presidente del club, Emerico Fuster, y la directora de la firma poseedora de los derechos de la Superyacht Cup, Kate Branagh.<\/p>\n<p>Como en a\u00f1os anteriores, el RCNP se ocupar\u00e1 de la organizaci\u00f3n t\u00e9cnica, aportando personal y recursos materiales para la competici\u00f3n en el mar. En esta ocasi\u00f3n, adem\u00e1s, ser\u00e1 la sede oficial de la regata y acoger\u00e1 a parte de la flota inscrita en sus instalaciones.<\/p>\n<p>La Superyacht Cup cuenta habitualmente con la participaci\u00f3n de barcos de esloras comprendidas entre los 25 y los 50 metros de eslora.<\/p>\n<p><strong>Para informaciones y registros en la \u00a02021 Superyacht Cup Palma <a href=\"mailto:kate@thesuperyachtcup.com\" target=\"_self\" rel=\"noopener noreferrer\">kate@thesuperyachtcup.com<\/a><\/strong><\/p>\n<p><strong>AVISO DE REGATA<a href=\"https:\/\/www.thesuperyachtcup.com\/en\/sailing-documents\" target=\"_self\" rel=\"noopener noreferrer\">https:\/\/www.thesuperyachtcup.com\/en\/sailing-documents<\/a><\/strong><\/p>\n<p>&nbsp;<\/p>\n","protected":false},"excerpt":{"rendered":"<p>El Real Club N\u00e1utico de Palma (RCNP) ser\u00e1 este a\u00f1o la sede oficial de la vig\u00e9simo quinta edici\u00f3n de la prestigiosa regata Superyacht Cup Palma, la\u00a0regata de superyates m\u00e1s antigua de Europa programada entre el 23 y el 26 de junio y que se espera re\u00fana a una docena de grandes veleros procedentes de distintas [&hellip;]<\/p>\n","protected":false},"author":1,"featured_media":34360,"comment_status":"open","ping_status":"open","sticky":false,"template":"","format":"standard","meta":{"_jetpack_memberships_contains_paid_content":false,"footnotes":""},"categories":[100],"tags":[731],"class_list":{"0":"post-34359","1":"post","2":"type-post","3":"status-publish","4":"format-standard","5":"has-post-thumbnail","7":"category-yachting","8":"tag-superyacht-cup-palma"},"jetpack_featured_media_url":"","jetpack_sharing_enabled":true,"jetpack-related-posts":[],"_links":{"self":[{"href":"https:\/\/nautica.news\/es\/wp-json\/wp\/v2\/posts\/34359","targetHints":{"allow":["GET"]}}],"collection":[{"href":"https:\/\/nautica.news\/es\/wp-json\/wp\/v2\/posts"}],"about":[{"href":"https:\/\/nautica.news\/es\/wp-json\/wp\/v2\/types\/post"}],"author":[{"embeddable":true,"href":"https:\/\/nautica.news\/es\/wp-json\/wp\/v2\/users\/1"}],"replies":[{"embeddable":true,"href":"https:\/\/nautica.news\/es\/wp-json\/wp\/v2\/comments?post=34359"}],"version-history":[{"count":0,"href":"https:\/\/nautica.news\/es\/wp-json\/wp\/v2\/posts\/34359\/revisions"}],"wp:featuredmedia":[{"embeddable":true,"href":"https:\/\/nautica.news\/es\/wp-json\/"}],"wp:attachment":[{"href":"https:\/\/nautica.news\/es\/wp-json\/wp\/v2\/media?parent=34359"}],"wp:term":[{"taxonomy":"category","embeddable":true,"href":"https:\/\/nautica.news\/es\/wp-json\/wp\/v2\/categories?post=34359"},{"taxonomy":"post_tag","embeddable":true,"href":"https:\/\/nautica.news\/es\/wp-json\/wp\/v2\/tags?post=34359"}],"curies":[{"name":"wp","href":"https:\/\/api.w.org\/{rel}","templated":true}]}}