{"id":30815,"date":"2020-09-23T09:11:49","date_gmt":"2020-09-23T12:11:49","guid":{"rendered":"http:\/\/nautic.wnpower.host\/?p=30815"},"modified":"2020-09-23T09:11:49","modified_gmt":"2020-09-23T12:11:49","slug":"palma-international-boat-show-2","status":"publish","type":"post","link":"https:\/\/nautica.news\/es\/palma-international-boat-show-2\/","title":{"rendered":"PALMA INTERNATIONAL BOAT SHOW, DEL 30 DE ABRIL AL 3 DE MAYO DE 2021"},"content":{"rendered":"<h2 id=\"news_title\">PALMA INTERNATIONAL BOAT SHOW, DEL 30 DE ABRIL AL 3 DE MAYO DE 2021<\/h2>\n<h6 id=\"news_datetime\"><\/h6>\n<p><strong>El IDI y BYBA inician la comercializaci\u00f3n de la feria n\u00e1utica que se celebrar\u00e1 al Moll Vell de Palma<\/strong><\/p>\n<p>La Conselleria de Transici\u00f3n Energ\u00e9tica y Sectores Productivos, a trav\u00e9s del IDI (Instituto de Innovaci\u00f3n Empresarial de las Islas Baleares), y BYBA (Balearic Yacht Brokers Association) inician un a\u00f1o m\u00e1s la organizaci\u00f3n de la pr\u00f3xima edici\u00f3n del Palma International Boat Show que tendr\u00e1 lugar del 30 de abril al 3 de mayo de 2021.<\/p>\n<p>Tras un a\u00f1o sin feria debido a la emergencia sanitaria provocada por la COVID-19, las dos organizaciones empiezan a trabajar en el evento n\u00e1utico del pr\u00f3ximo a\u00f1o, una edici\u00f3n marcada por cambios destinada a profesionalizar el modelo de feria, y por las medidas de seguridad impuestas por la pandemia. El evento se celebrar\u00e1 en su escenario tradicional, el Moll Vell de Palma, y pretende ser el certamen que inaugure la temporada n\u00e1utica en el Mediterr\u00e1neo.<\/p>\n<p>El equipo comercial del evento iniciar\u00e1 a finales de esta semana los contactos con expositores y empresas que han manifestado su voluntad de participar en la pr\u00f3xima edici\u00f3n del PIBS 2021. Durante los pr\u00f3ximos meses, la feria intensificar\u00e1 su promoci\u00f3n a trav\u00e9s de canales online ya que la mayor\u00eda de los eventos internacionales de este 2020 a los que acud\u00eda la organizaci\u00f3n del PIBS para promocionarse han suspendido su celebraci\u00f3n por la COVID-19.<\/p>\n<p>La feria n\u00e1utica de Palma supone una de las citas m\u00e1s importantes y esperadas para el sector a nivel internacional. El Palma International BoatShow es una de las acciones m\u00e1s destacadas de dinamizaci\u00f3n y promoci\u00f3n de la n\u00e1utica balear, puesto que ha sido una puerta de entrada de muchas empresas que hoy ya est\u00e1n consolidadas en las Islas, y ha permitido que las empresas locales abrieran nuevos canales de venta a nivel internacional.<\/p>\n","protected":false},"excerpt":{"rendered":"<p>PALMA INTERNATIONAL BOAT SHOW, DEL 30 DE ABRIL AL 3 DE MAYO DE 2021 El IDI y BYBA inician la comercializaci\u00f3n de la feria n\u00e1utica que se celebrar\u00e1 al Moll Vell de Palma La Conselleria de Transici\u00f3n Energ\u00e9tica y Sectores Productivos, a trav\u00e9s del IDI (Instituto de Innovaci\u00f3n Empresarial de las Islas Baleares), y BYBA [&hellip;]<\/p>\n","protected":false},"author":3,"featured_media":30816,"comment_status":"open","ping_status":"open","sticky":false,"template":"","format":"standard","meta":{"_jetpack_memberships_contains_paid_content":false,"footnotes":""},"categories":[83,1106],"tags":[1113],"class_list":{"0":"post-30815","1":"post","2":"type-post","3":"status-publish","4":"format-standard","5":"has-post-thumbnail","7":"category-actualidad-nautica","8":"category-boat-show","9":"tag-boat-show"},"jetpack_featured_media_url":"","jetpack_sharing_enabled":true,"jetpack-related-posts":[],"_links":{"self":[{"href":"https:\/\/nautica.news\/es\/wp-json\/wp\/v2\/posts\/30815","targetHints":{"allow":["GET"]}}],"collection":[{"href":"https:\/\/nautica.news\/es\/wp-json\/wp\/v2\/posts"}],"about":[{"href":"https:\/\/nautica.news\/es\/wp-json\/wp\/v2\/types\/post"}],"author":[{"embeddable":true,"href":"https:\/\/nautica.news\/es\/wp-json\/wp\/v2\/users\/3"}],"replies":[{"embeddable":true,"href":"https:\/\/nautica.news\/es\/wp-json\/wp\/v2\/comments?post=30815"}],"version-history":[{"count":0,"href":"https:\/\/nautica.news\/es\/wp-json\/wp\/v2\/posts\/30815\/revisions"}],"wp:featuredmedia":[{"embeddable":true,"href":"https:\/\/nautica.news\/es\/wp-json\/"}],"wp:attachment":[{"href":"https:\/\/nautica.news\/es\/wp-json\/wp\/v2\/media?parent=30815"}],"wp:term":[{"taxonomy":"category","embeddable":true,"href":"https:\/\/nautica.news\/es\/wp-json\/wp\/v2\/categories?post=30815"},{"taxonomy":"post_tag","embeddable":true,"href":"https:\/\/nautica.news\/es\/wp-json\/wp\/v2\/tags?post=30815"}],"curies":[{"name":"wp","href":"https:\/\/api.w.org\/{rel}","templated":true}]}}