{"id":30142,"date":"2020-08-31T10:05:29","date_gmt":"2020-08-31T13:05:29","guid":{"rendered":"http:\/\/nautic.wnpower.host\/?p=30142"},"modified":"2020-08-31T10:05:29","modified_gmt":"2020-08-31T13:05:29","slug":"santiago-lange-y-cecilia-carranza-participaran-en-la-semana-de-vela","status":"publish","type":"post","link":"https:\/\/nautica.news\/es\/santiago-lange-y-cecilia-carranza-participaran-en-la-semana-de-vela\/","title":{"rendered":"Santiago Lange  y Cecilia Carranza  participar\u00e1n en la Semana de Vela de Kiel."},"content":{"rendered":"<div id=\"image\" class=\"image\">\n<div class=\"epigrafe\">Lange y Carranza en la Semana de Vela de Kiel.<\/div>\n<\/div>\n<p>La dupla argentina integrada por Santiago Lange y Cecilia Carranza Saroli, volver\u00e1n a competir despu\u00e9s de seis meses la semana pr\u00f3xima, en Alemania, confirm\u00f3 hoy el director t\u00e9cnico deportivo de la Federaci\u00f3n Argentina de Yachting (FAY), Alejandro Cloos.<\/p>\n<p>Lange y Carranza Saroli participar\u00e1n, del 5 al 13 de septiembre, en la Semana de Vela de Kiel, en la que tambi\u00e9n actuar\u00e1n las bonaerenses Victoria Travascio y Mar\u00eda Branz -ganadoras de la medalla de oro en los Juegos Panamericanos de Toronto 2015, en la clase 49er FX, representantes ol\u00edmpicas 2016 y clasificadas a los Juegos de Tokio- y Facundo Olezza en la clase Finn.<\/p>\n<p>&#8220;Trabajando muy fuerte entre la Secretar\u00eda de Deportes, el ENARD (Ente Nacional de Alto Rendimiento Deportivo) y la FAY <strong>logramos sortear los inconvenientes que genera la pandemia<\/strong> para que al menos tres (Nacra, FX y Laser Radial) de los ocho equipos clasificados a Tokio puedan participar en estos eventos internacionales&#8221;, destac\u00f3 Cloos.<\/p>\n<p>&#8220;<strong>Competir\u00e1n para poder testear el efecto de la cuarentena y dise\u00f1ar el trabajo a futuro<\/strong>, con el objetivo de poder encarar los compromisos del 2021 minimizando lesiones, y asegurando un desempe\u00f1o deportivo de excelencia&#8221;<\/p>\n<p>Luego, <strong>el binomio Lange-Carranza<\/strong> -ganadora de la medalla de oro en los Juegos Panamericanos 2011 en Guadalajara, M\u00e9xico, en la clase Laser Radial- <strong>competir\u00e1 en el Campeonato Europeo de Nacra 17 en Austria<\/strong>, del 27 de septiembre al 3 de octubre, en el que tambi\u00e9n participar\u00e1n Travascio y Branz en 49er FX, quienes, adem\u00e1s, estar\u00e1n en el Campeonato italiano, junto con Luc\u00eda Falasca, de Laser Radial, del 17 al 20 de septiembre.<\/p>\n<p>Lange y Carranza Saroli -quienes se entrenaron en el Lago di Garda (Italia)- <strong>obtuvieron, en febrero pasado, el d\u00e9cimo puesto en el Mundial de su especialidad de Geelong<\/strong>, Australia, con 115 puntos, 48 m\u00e1s que los brit\u00e1nicos John Gimson y Anna Burnet, nuevos campeones mundiales.<br \/>\nFacundo\u00a0<strong>Olezza<\/strong>, noveno en los Juegos Ol\u00edmpicos de R\u00edo 2012 y clasificado a los de Tokio en la clase Finn, &#8220;<strong>competir\u00e1 en el Campeonato Europeo de su clase en Gydnia<\/strong>, Polonia, <strong>despu\u00e9s correr\u00e1 en la Finn Cup,<\/strong> en Palma de Mallorca, Espa\u00f1a, del 2 al 9 de octubre <strong>y en la Critsmas Race<\/strong>, en Palam\u00f3s, Espa\u00f1a, del 19 al 23 de diciembre&#8221;.<\/p>\n<p><strong>Entre el 1 y el 8 de diciembre est\u00e1 \u00a0el Sudamericano de Laser en R\u00edo de Janeiro, que todav\u00eda sigue programado pero que no se sabe si se concretar\u00e1.<\/strong><\/p>\n<p>Los<strong> argentinos clasificados a los Juegos de Tokio en vela<\/strong> son Santiago Lange y Cecilia Carranza (Nacra 17); Sol Branz y Victoria Travascio (49er FX), Facundo Olezza (Finn); Francisco Guaragna Rigonat (Laser Standart); Luc\u00eda Falasca (Laser Radial); Francisco Saubidet Birkner (RS:X Masculino); Celia Tejerina (RS:X femenino) y Bel\u00e9n Tavella y Lourdes Hartkopf (470 femenino).<\/p>\n<p>&#8220;Adem\u00e1s, <strong>tenemos previsto que Luc\u00eda Falasca vaya a Europa <\/strong>en los primeros d\u00edas del mes que viene para que pueda entrenar en Italia y luego <strong>competir en el campeonato italiano en Follonica<\/strong>, de 17 al 20 de septiembre, <strong>y campeonato Europeo de su clase en Gdansk<\/strong>, Polonia, del 6 al 13 de octubre&#8221;, abund\u00f3 Cloos.<\/p>\n<p>&#8220;Tanto Guaragna, como Saubidet y las chicas de 470 (Bel\u00e9n Tavella y Lourdes Hartkopf) est\u00e1n aprovechando la postergaci\u00f3n de los Juegos para reiniciar el proceso de su preparaci\u00f3n f\u00edsica con un nuevo perfil de potencia y masa muscular para optimizarlo con tiempo para los requerimientos de sus barcos&#8221;, asever\u00f3.<\/p>\n<p>En estos meses est\u00e1n trabajando triple turno en gimnasio de musculatura, entrenamiento de vela y yoga. <strong>Se espera concluir este macrociclo cerca de fin de a\u00f1o, para iniciar una pretemporada en enero y febrero<\/strong> para luego participar en una gira europea de competencias mundiales y luego ya ir a Tokio para la puesta a punto final.<\/p>\n","protected":false},"excerpt":{"rendered":"<p>Lange y Carranza en la Semana de Vela de Kiel. La dupla argentina integrada por Santiago Lange y Cecilia Carranza Saroli, volver\u00e1n a competir despu\u00e9s de seis meses la semana pr\u00f3xima, en Alemania, confirm\u00f3 hoy el director t\u00e9cnico deportivo de la Federaci\u00f3n Argentina de Yachting (FAY), Alejandro Cloos. Lange y Carranza Saroli participar\u00e1n, del 5 [&hellip;]<\/p>\n","protected":false},"author":1,"featured_media":30144,"comment_status":"closed","ping_status":"closed","sticky":false,"template":"","format":"standard","meta":{"_jetpack_memberships_contains_paid_content":false,"footnotes":""},"categories":[85],"tags":[246,183],"class_list":{"0":"post-30142","1":"post","2":"type-post","3":"status-publish","4":"format-standard","5":"has-post-thumbnail","7":"category-vela-noticias-torneos-copas","8":"tag-santiago-lange","9":"tag-vela"},"jetpack_featured_media_url":"","jetpack_sharing_enabled":true,"jetpack-related-posts":[],"_links":{"self":[{"href":"https:\/\/nautica.news\/es\/wp-json\/wp\/v2\/posts\/30142","targetHints":{"allow":["GET"]}}],"collection":[{"href":"https:\/\/nautica.news\/es\/wp-json\/wp\/v2\/posts"}],"about":[{"href":"https:\/\/nautica.news\/es\/wp-json\/wp\/v2\/types\/post"}],"author":[{"embeddable":true,"href":"https:\/\/nautica.news\/es\/wp-json\/wp\/v2\/users\/1"}],"replies":[{"embeddable":true,"href":"https:\/\/nautica.news\/es\/wp-json\/wp\/v2\/comments?post=30142"}],"version-history":[{"count":0,"href":"https:\/\/nautica.news\/es\/wp-json\/wp\/v2\/posts\/30142\/revisions"}],"wp:featuredmedia":[{"embeddable":true,"href":"https:\/\/nautica.news\/es\/wp-json\/"}],"wp:attachment":[{"href":"https:\/\/nautica.news\/es\/wp-json\/wp\/v2\/media?parent=30142"}],"wp:term":[{"taxonomy":"category","embeddable":true,"href":"https:\/\/nautica.news\/es\/wp-json\/wp\/v2\/categories?post=30142"},{"taxonomy":"post_tag","embeddable":true,"href":"https:\/\/nautica.news\/es\/wp-json\/wp\/v2\/tags?post=30142"}],"curies":[{"name":"wp","href":"https:\/\/api.w.org\/{rel}","templated":true}]}}