{"id":30003,"date":"2020-08-27T09:38:00","date_gmt":"2020-08-27T12:38:00","guid":{"rendered":"http:\/\/nautic.wnpower.host\/?p=30003"},"modified":"2020-08-27T09:38:00","modified_gmt":"2020-08-27T12:38:00","slug":"metstrade-show-2020","status":"publish","type":"post","link":"https:\/\/nautica.news\/es\/metstrade-show-2020\/","title":{"rendered":"Cancelaci\u00f3n del Metstrade Show 2020"},"content":{"rendered":"<figure>\n<h3><span>Cancelaci\u00f3n del Metstrade Show 2020<\/span><\/h3>\n<\/figure>\n<p><span>METSTRADE y RAI Amsterdam anuncian con gran pesar que el METS, programado del 17 al 19 de noviembre en la RAI de Amsterdam, ha sido cancelado.<br \/>\nDurante m\u00e1s de 32 a\u00f1os, METSTRADE ha proporcionado el evento m\u00e1s completo para la industria mar\u00edtima mundial. Debido a las secuelas del brote de COVID-19, el evento de este a\u00f1o no se puede realizar con \u00e9xito, por lo que se considera correcto cancelarlo.<\/span><\/p>\n<div class=\"pm-adv-intermediate p-relative\">\n<p class=\"pm-adv-announce-text\"><img loading=\"lazy\" decoding=\"async\" src=\"https:\/\/adv.awcloud.it\/live\/www\/delivery\/lg.php?bannerid=883&amp;campaignid=430&amp;zoneid=24&amp;source=metstrade&amp;loc=https%3A%2F%2Fwww.pressmare.it%2Fit%2Fsaloni-nautici%2Fmetstrade%2F2020-08-27%2Fmets-2020-annullato-anche-il-salone-dell-accessorio-nautico-27691&amp;referer=https%3A%2F%2Fwww.pressmare.it%2F&amp;cb=8fc8ea8c0d\" alt=\"\" width=\"0\" height=\"0\" title=\"\"><\/p>\n<\/div>\n<p><span>El pr\u00f3ximo METSTRADE ser\u00e1, por tanto, el de 2021 y tendr\u00e1 lugar del 16 al 18 de noviembre de 2021 en RAI Amsterdam.<\/span><\/p>\n<p><span>Niels Klarenbeek, Director de METSTRADE: &#8220;Hemos trabajado con gran dedicaci\u00f3n para organizar una METSTRADE segura y exitosa. La cancelaci\u00f3n de METSTRADE 2020 fue un gran golpe para m\u00ed y para mi equipo, pero escuchar las m\u00faltiples voces de la industria, incluida la Comit\u00e9 de Exhibici\u00f3n, ICOMIA, socios y stakeholders, esta es la \u00fanica decisi\u00f3n acertada que tuvimos que tomar En estos tiempos complejos, nuestro equipo est\u00e1 trabajando, junto con nuestros socios, en varios proyectos virtuales para facilitar los contactos entre operadores. de la industria n\u00e1utica, que se dar\u00e1 a conocer lo antes posible &#8220;.<\/span><\/p>\n<p><span>Sara Anghel, presidenta de ICOMIA \u201cFue una decisi\u00f3n sumamente dif\u00edcil, originada por el impacto que tuvo la pandemia COVID-19 en el sector. ICOMIA aprueba la decisi\u00f3n de RAI Amsterdam y colaborar\u00e1 con el equipo de METSTRADE para que est\u00e9 de regreso lo antes posible el puerto del sector &#8220;.<\/span><\/p>\n<p><span>Bas Dalm, vicepresidente ejecutivo de exposiciones y ventas de RAI Amsterdam tambi\u00e9n dijo que estaba decepcionado por la decisi\u00f3n de cancelar la feria METSTRADE: \u201cRAI Amsterdam se ha visto gravemente afectada por la actual crisis mundial. Seguimos confiando en que METSTRADE continuar\u00e1 hasta el final, pero la situaci\u00f3n general no ha mejorado significativamente. Si bien esta decisi\u00f3n perjudica a toda la industria de la navegaci\u00f3n, es la \u00fanica correcta en este momento &#8220;.<\/span><\/p>\n<p>&nbsp;<\/p>\n","protected":false},"excerpt":{"rendered":"<p>Cancelaci\u00f3n del Metstrade Show 2020 METSTRADE y RAI Amsterdam anuncian con gran pesar que el METS, programado del 17 al 19 de noviembre en la RAI de Amsterdam, ha sido cancelado. Durante m\u00e1s de 32 a\u00f1os, METSTRADE ha proporcionado el evento m\u00e1s completo para la industria mar\u00edtima mundial. Debido a las secuelas del brote de [&hellip;]<\/p>\n","protected":false},"author":3,"featured_media":30004,"comment_status":"closed","ping_status":"closed","sticky":false,"template":"","format":"standard","meta":{"_jetpack_memberships_contains_paid_content":false,"footnotes":""},"categories":[83],"tags":[1875],"class_list":{"0":"post-30003","1":"post","2":"type-post","3":"status-publish","4":"format-standard","5":"has-post-thumbnail","7":"category-actualidad-nautica","8":"tag-metstrade-show"},"jetpack_featured_media_url":"","jetpack_sharing_enabled":true,"jetpack-related-posts":[],"_links":{"self":[{"href":"https:\/\/nautica.news\/es\/wp-json\/wp\/v2\/posts\/30003","targetHints":{"allow":["GET"]}}],"collection":[{"href":"https:\/\/nautica.news\/es\/wp-json\/wp\/v2\/posts"}],"about":[{"href":"https:\/\/nautica.news\/es\/wp-json\/wp\/v2\/types\/post"}],"author":[{"embeddable":true,"href":"https:\/\/nautica.news\/es\/wp-json\/wp\/v2\/users\/3"}],"replies":[{"embeddable":true,"href":"https:\/\/nautica.news\/es\/wp-json\/wp\/v2\/comments?post=30003"}],"version-history":[{"count":0,"href":"https:\/\/nautica.news\/es\/wp-json\/wp\/v2\/posts\/30003\/revisions"}],"wp:featuredmedia":[{"embeddable":true,"href":"https:\/\/nautica.news\/es\/wp-json\/"}],"wp:attachment":[{"href":"https:\/\/nautica.news\/es\/wp-json\/wp\/v2\/media?parent=30003"}],"wp:term":[{"taxonomy":"category","embeddable":true,"href":"https:\/\/nautica.news\/es\/wp-json\/wp\/v2\/categories?post=30003"},{"taxonomy":"post_tag","embeddable":true,"href":"https:\/\/nautica.news\/es\/wp-json\/wp\/v2\/tags?post=30003"}],"curies":[{"name":"wp","href":"https:\/\/api.w.org\/{rel}","templated":true}]}}