{"id":29383,"date":"2020-08-06T17:32:02","date_gmt":"2020-08-06T20:32:02","guid":{"rendered":"http:\/\/nautic.wnpower.host\/?p=29383"},"modified":"2020-08-06T17:32:02","modified_gmt":"2020-08-06T20:32:02","slug":"cacel-por-parque-nautico-san-fernando","status":"publish","type":"post","link":"https:\/\/nautica.news\/es\/cacel-por-parque-nautico-san-fernando\/","title":{"rendered":"Comunicado de CACEL por Parque N\u00e1utico San Fernando"},"content":{"rendered":"<div class=\"_1yEvn\">\n<div class=\"_2wZrM _3BIio\" data-hook=\"post-title\">\n<h3 data-hook=\"post-title\"><b>Comunicado de CACEL<\/b><\/h3>\n<h3 class=\"_1gHzn _2M4wi blog-post-title-font blog-post-title-color blog-text-color post-title blog-hover-container-element-color _1EQZr blog-post-page-title-font\" data-hook=\"post-title\"><span class=\"post-title__text blog-post-title-font blog-post-title-color\"><span class=\"blog-post-title-font blog-post-title-color\"><br \/>\nComunicado CACEL por ataque al Consorcio Parque N\u00e1utico San Fernando<\/span><\/span><\/h3>\n<\/div>\n<\/div>\n<p class=\"JPb-w _1yEvn\">\n<div class=\"yF0IC\" data-hook=\"post-description\">\n<article class=\"blog-post-page-font\">\n<div class=\"post-content__body\">\n<div class=\"Bkj7Z _3zFq8 _2fe0R\" data-rce-version=\"7.12.3\">\n<div class=\"kcuBq YK7RC blog-post-page-font _3EDx7 uatYj\" dir=\"ltr\">\n<div class=\"kaqlz _2QFkw blog-post-page-font VqbkD\">\n<p id=\"viewer-foo\" class=\"XzvDs _208Ie tFDi5 blog-post-text-font blog-post-text-color _2QAo- _1iXso _7G6-i tFDi5 public-DraftStyleDefault-block-depth0 public-DraftStyleDefault-text-ltr\">\u201cEn las \u00faltimas semanas han aparecido en redes y medios diferentes publicaciones que critican duramente el accionar del Consorcio Parque N\u00e1utico San Fernando, sociedad de la que participa CACEL junto a la Municipalidad de San Fernando.<\/p>\n<div id=\"viewer-558t1\" class=\"XzvDs _208Ie tFDi5 blog-post-text-font blog-post-text-color _2QAo- _1iXso _7G6-i tFDi5 public-DraftStyleDefault-block-depth0 public-DraftStyleDefault-text-ltr\"><\/div>\n<p id=\"viewer-a6dka\" class=\"XzvDs _208Ie tFDi5 blog-post-text-font blog-post-text-color _2QAo- _1iXso _7G6-i tFDi5 public-DraftStyleDefault-block-depth0 public-DraftStyleDefault-text-ltr\">Haciendo un poco de historia y para aclarar el contexto referimos que el CPNSF nace en el a\u00f1o 2003 como una iniciativa p\u00fablico privada cuyo objeto es el de administrar <strong>la tierra de dominio municipal <\/strong>en el sector Este costero de la ciudad, ejecutar acciones de recuperaci\u00f3n urbana y ser un instrumento de promoci\u00f3n de la actividad y servicios del sector n\u00e1utico, utilizando para tal fin los recursos que genera la operatoria de la propia empresa.<\/p>\n<div id=\"viewer-ef43b\" class=\"XzvDs _208Ie tFDi5 blog-post-text-font blog-post-text-color _2QAo- _1iXso _7G6-i tFDi5 public-DraftStyleDefault-block-depth0 public-DraftStyleDefault-text-ltr\"><\/div>\n<p id=\"viewer-8p373\" class=\"XzvDs _208Ie tFDi5 blog-post-text-font blog-post-text-color _2QAo- _1iXso _7G6-i tFDi5 public-DraftStyleDefault-block-depth0 public-DraftStyleDefault-text-ltr\">Como garant\u00eda de funcionamiento y de concreci\u00f3n de los fines mencionados, <strong>las utilidades no pueden ser distribuidas entre los accionistas<\/strong>, y se encuentran \u00edntegramente destinadas a la manutenci\u00f3n y mejora de los predios de las marinas en funcionamiento y el desarrollo permanente del \u00c1rea Parque N\u00e1utico de San Fernando facilitado el acceso de la poblaci\u00f3n al r\u00edo y promoviendo la actividad n\u00e1utica.<\/p>\n<div id=\"viewer-1363i\" class=\"XzvDs _208Ie tFDi5 blog-post-text-font blog-post-text-color _2QAo- _1iXso _7G6-i tFDi5 public-DraftStyleDefault-block-depth0 public-DraftStyleDefault-text-ltr\"><\/div>\n<p id=\"viewer-cr11j\" class=\"XzvDs _208Ie tFDi5 blog-post-text-font blog-post-text-color _2QAo- _1iXso _7G6-i tFDi5 public-DraftStyleDefault-block-depth0 public-DraftStyleDefault-text-ltr\">El Consorcio Parque N\u00e1utico San Fernando S.A. <strong>no cuenta con ning\u00fan tipo de subsidio<\/strong>estatal o eximici\u00f3n en el pago de impuestos, por lo cual abona las tasas provinciales y los impuestos provinciales y nacionales que corresponden. Adem\u00e1s, <strong>tributa <\/strong>a la Municipalidad de San Fernando <strong>un importante canon mensual por la concesi\u00f3n<\/strong> y <strong>sus directores no perciben honorario alguno por sus funciones.<\/strong><\/p>\n<div id=\"viewer-a491o\" class=\"XzvDs _208Ie tFDi5 blog-post-text-font blog-post-text-color _2QAo- _1iXso _7G6-i tFDi5 public-DraftStyleDefault-block-depth0 public-DraftStyleDefault-text-ltr\"><\/div>\n<p id=\"viewer-496b4\" class=\"XzvDs _208Ie tFDi5 blog-post-text-font blog-post-text-color _2QAo- _1iXso _7G6-i tFDi5 public-DraftStyleDefault-block-depth0 public-DraftStyleDefault-text-ltr\">El rol de CACEL dentro de la sociedad es fundamentalmente de asesoramiento sobre los aspectos tendientes a la promoci\u00f3n del sector n\u00e1utico y el desarrollo de las marinas en cuanto a infraestructura se refiere. Su participaci\u00f3n minoritaria no permite imponer directrices pero le asegura la representatividad del sector privado defendiendo los intereses de todos y cada uno de sus socios.<\/p>\n<div id=\"viewer-116mj\" class=\"XzvDs _208Ie tFDi5 blog-post-text-font blog-post-text-color _2QAo- _1iXso _7G6-i tFDi5 public-DraftStyleDefault-block-depth0 public-DraftStyleDefault-text-ltr\"><\/div>\n<p id=\"viewer-8ukvi\" class=\"XzvDs _208Ie tFDi5 blog-post-text-font blog-post-text-color _2QAo- _1iXso _7G6-i tFDi5 public-DraftStyleDefault-block-depth0 public-DraftStyleDefault-text-ltr\">Gracias a la creaci\u00f3n de Parque N\u00e1utico se han concretado obras que redundaron en beneficio de la comunidad n\u00e1utica: la rampa sobre la calle Col\u00f3n (actualmente concesionada), el desarrollo de la marina y el predio denominados \u201cCentro de Exposiciones\u201d, la instalaci\u00f3n de un ascensor para embarcaciones dentro de ese predio, entre otras.<\/p>\n<div id=\"viewer-1nbpf\" class=\"XzvDs _208Ie tFDi5 blog-post-text-font blog-post-text-color _2QAo- _1iXso _7G6-i tFDi5 public-DraftStyleDefault-block-depth0 public-DraftStyleDefault-text-ltr\"><\/div>\n<p id=\"viewer-d5u08\" class=\"XzvDs _208Ie tFDi5 blog-post-text-font blog-post-text-color _2QAo- _1iXso _7G6-i tFDi5 public-DraftStyleDefault-block-depth0 public-DraftStyleDefault-text-ltr\">Por lo expuesto encontramos como muy graves las declaraciones en las que se acusa falsamente al CPNSF de \u201cmaniobras deshonestas\u201d y de avanzar hacia la expropiaci\u00f3n de las guarder\u00edas y marinas privadas de la costa Sanfernandina.<\/p>\n<div id=\"viewer-a6f7\" class=\"XzvDs _208Ie tFDi5 blog-post-text-font blog-post-text-color _2QAo- _1iXso _7G6-i tFDi5 public-DraftStyleDefault-block-depth0 public-DraftStyleDefault-text-ltr\"><\/div>\n<p id=\"viewer-16nbo\" class=\"XzvDs _208Ie tFDi5 blog-post-text-font blog-post-text-color _2QAo- _1iXso _7G6-i tFDi5 public-DraftStyleDefault-block-depth0 public-DraftStyleDefault-text-ltr\">Podemos asegurar que los distintos casos en los que CPNSF se ha hecho cargo de unidades de negocio, sean estas marinas o guarder\u00edas sitas en predios municipales, han ocurrido como consecuencia lisa y llana del vencimiento en los plazos de las concesiones.<\/p>\n<div id=\"viewer-asis0\" class=\"XzvDs _208Ie tFDi5 blog-post-text-font blog-post-text-color _2QAo- _1iXso _7G6-i tFDi5 public-DraftStyleDefault-block-depth0 public-DraftStyleDefault-text-ltr\"><\/div>\n<p id=\"viewer-9dshm\" class=\"XzvDs _208Ie tFDi5 blog-post-text-font blog-post-text-color _2QAo- _1iXso _7G6-i tFDi5 public-DraftStyleDefault-block-depth0 public-DraftStyleDefault-text-ltr\">Confiamos en que s\u00f3lo la participaci\u00f3n y el trabajo en conjunto del sector p\u00fablico a trav\u00e9s del municipio y del sector privado materializado en CACEL pueden armonizar puntos de vista quiz\u00e1s opuestos en un mutuo beneficio del sector n\u00e1utico.<\/p>\n<div id=\"viewer-gkcr\" class=\"XzvDs _208Ie tFDi5 blog-post-text-font blog-post-text-color _2QAo- _1iXso _7G6-i tFDi5 public-DraftStyleDefault-block-depth0 public-DraftStyleDefault-text-ltr\"><\/div>\n<p id=\"viewer-ekmjg\" class=\"XzvDs _208Ie tFDi5 blog-post-text-font blog-post-text-color _2QAo- _1iXso _7G6-i tFDi5 public-DraftStyleDefault-block-depth0 public-DraftStyleDefault-text-ltr\">La Comisi\u00f3n Directiva<\/p>\n<\/div>\n<\/div>\n<\/div>\n<\/div>\n<\/article>\n<\/div>\n","protected":false},"excerpt":{"rendered":"<p>Comunicado de CACEL Comunicado CACEL por ataque al Consorcio Parque N\u00e1utico San Fernando \u201cEn las \u00faltimas semanas han aparecido en redes y medios diferentes publicaciones que critican duramente el accionar del Consorcio Parque N\u00e1utico San Fernando, sociedad de la que participa CACEL junto a la Municipalidad de San Fernando. Haciendo un poco de historia y [&hellip;]<\/p>\n","protected":false},"author":1,"featured_media":29384,"comment_status":"closed","ping_status":"closed","sticky":false,"template":"","format":"standard","meta":{"_jetpack_memberships_contains_paid_content":false,"footnotes":""},"categories":[86],"tags":[378,1801],"class_list":{"0":"post-29383","1":"post","2":"type-post","3":"status-publish","4":"format-standard","5":"has-post-thumbnail","7":"category-interes","8":"tag-cacel","9":"tag-parque-nautico-san-fernando"},"jetpack_featured_media_url":"","jetpack_sharing_enabled":true,"jetpack-related-posts":[],"_links":{"self":[{"href":"https:\/\/nautica.news\/es\/wp-json\/wp\/v2\/posts\/29383","targetHints":{"allow":["GET"]}}],"collection":[{"href":"https:\/\/nautica.news\/es\/wp-json\/wp\/v2\/posts"}],"about":[{"href":"https:\/\/nautica.news\/es\/wp-json\/wp\/v2\/types\/post"}],"author":[{"embeddable":true,"href":"https:\/\/nautica.news\/es\/wp-json\/wp\/v2\/users\/1"}],"replies":[{"embeddable":true,"href":"https:\/\/nautica.news\/es\/wp-json\/wp\/v2\/comments?post=29383"}],"version-history":[{"count":0,"href":"https:\/\/nautica.news\/es\/wp-json\/wp\/v2\/posts\/29383\/revisions"}],"wp:featuredmedia":[{"embeddable":true,"href":"https:\/\/nautica.news\/es\/wp-json\/"}],"wp:attachment":[{"href":"https:\/\/nautica.news\/es\/wp-json\/wp\/v2\/media?parent=29383"}],"wp:term":[{"taxonomy":"category","embeddable":true,"href":"https:\/\/nautica.news\/es\/wp-json\/wp\/v2\/categories?post=29383"},{"taxonomy":"post_tag","embeddable":true,"href":"https:\/\/nautica.news\/es\/wp-json\/wp\/v2\/tags?post=29383"}],"curies":[{"name":"wp","href":"https:\/\/api.w.org\/{rel}","templated":true}]}}