{"id":29326,"date":"2020-08-05T09:53:21","date_gmt":"2020-08-05T12:53:21","guid":{"rendered":"http:\/\/nautic.wnpower.host\/?p=29326"},"modified":"2020-08-05T09:53:21","modified_gmt":"2020-08-05T12:53:21","slug":"nueva-bajante-del-rio-parana","status":"publish","type":"post","link":"https:\/\/nautica.news\/es\/nueva-bajante-del-rio-parana\/","title":{"rendered":"Nueva bajante del r\u00edo Paran\u00e1"},"content":{"rendered":"<h1 class=\"main-title font-900\">Nueva bajante del r\u00edo Paran\u00e1: volvi\u00f3 a descender y est\u00e1 en 61 cent\u00edmetros<\/h1>\n<p>Tras un leve repunte, la marca de agua a la altura de Rosario volvi\u00f3 a bajar, y en apenas horas perdieron cuatro cent\u00edmetros.<\/p>\n<p>Hace meses que preocupa la bajante del r\u00edo Paran\u00e1 que, entre otras cosas, complica\u00a0a\u00fan m\u00e1s el panorama de los incendios en las islas entrerrianas.<\/p>\n<p>Tras<strong> un leve repunte, el nivel del agua volvi\u00f3 a bajar y \u00a0lleg\u00f3 a 61 cent\u00edmetros.<\/strong><\/p>\n<div id=\"lx_659627\" class=\"__lxG__multi __lxG__multi_lx_659627\" data-cnt=\"1\">\n<div id=\"div-gpt-ad-21945843587-1\" data-google-query-id=\"CLfVmpuLhOsCFW4wuQYd3wkPvw\">\n<div id=\"google_ads_iframe_\/45470634\/clickio_area_659627_728x90_0__container__\"><\/div>\n<\/div>\n<\/div>\n<p>Desde Prefectura Naval se \u00a0confirm\u00f3 que la marca frente a Rosario fue de 61 cent\u00edmetros, \u00a0lo que indica que el caudal de agua se encuentra otra vez en descenso, y \u00a0que reci\u00e9n<strong> a partir del 31 de octubre, el r\u00edo volver\u00eda a recuperar su nivel.<\/strong><\/p>\n<p>Este a\u00f1o, el r\u00edo hab\u00eda alcanzado una marca hist\u00f3rica de 20 cent\u00edmetros a fines de<strong> mayo, cuando hace un a\u00f1o la altura era de 3,45 metros.<\/strong><\/p>\n<p>&nbsp;<\/p>\n","protected":false},"excerpt":{"rendered":"<p>Nueva bajante del r\u00edo Paran\u00e1: volvi\u00f3 a descender y est\u00e1 en 61 cent\u00edmetros Tras un leve repunte, la marca de agua a la altura de Rosario volvi\u00f3 a bajar, y en apenas horas perdieron cuatro cent\u00edmetros. Hace meses que preocupa la bajante del r\u00edo Paran\u00e1 que, entre otras cosas, complica\u00a0a\u00fan m\u00e1s el panorama de los [&hellip;]<\/p>\n","protected":false},"author":1,"featured_media":29327,"comment_status":"closed","ping_status":"closed","sticky":false,"template":"","format":"standard","meta":{"_jetpack_memberships_contains_paid_content":false,"footnotes":""},"categories":[83],"tags":[266,190],"class_list":{"0":"post-29326","1":"post","2":"type-post","3":"status-publish","4":"format-standard","5":"has-post-thumbnail","7":"category-actualidad-nautica","8":"tag-bajante-del-rio-parana","9":"tag-rio-parana"},"jetpack_featured_media_url":"","jetpack_sharing_enabled":true,"jetpack-related-posts":[],"_links":{"self":[{"href":"https:\/\/nautica.news\/es\/wp-json\/wp\/v2\/posts\/29326","targetHints":{"allow":["GET"]}}],"collection":[{"href":"https:\/\/nautica.news\/es\/wp-json\/wp\/v2\/posts"}],"about":[{"href":"https:\/\/nautica.news\/es\/wp-json\/wp\/v2\/types\/post"}],"author":[{"embeddable":true,"href":"https:\/\/nautica.news\/es\/wp-json\/wp\/v2\/users\/1"}],"replies":[{"embeddable":true,"href":"https:\/\/nautica.news\/es\/wp-json\/wp\/v2\/comments?post=29326"}],"version-history":[{"count":0,"href":"https:\/\/nautica.news\/es\/wp-json\/wp\/v2\/posts\/29326\/revisions"}],"wp:featuredmedia":[{"embeddable":true,"href":"https:\/\/nautica.news\/es\/wp-json\/"}],"wp:attachment":[{"href":"https:\/\/nautica.news\/es\/wp-json\/wp\/v2\/media?parent=29326"}],"wp:term":[{"taxonomy":"category","embeddable":true,"href":"https:\/\/nautica.news\/es\/wp-json\/wp\/v2\/categories?post=29326"},{"taxonomy":"post_tag","embeddable":true,"href":"https:\/\/nautica.news\/es\/wp-json\/wp\/v2\/tags?post=29326"}],"curies":[{"name":"wp","href":"https:\/\/api.w.org\/{rel}","templated":true}]}}