{"id":29222,"date":"2020-08-02T11:34:41","date_gmt":"2020-08-02T14:34:41","guid":{"rendered":"http:\/\/nautic.wnpower.host\/?p=29222"},"modified":"2020-08-02T11:34:41","modified_gmt":"2020-08-02T14:34:41","slug":"fuego-en-las-islas-del-parana","status":"publish","type":"post","link":"https:\/\/nautica.news\/es\/fuego-en-las-islas-del-parana\/","title":{"rendered":"Video del fuego en las islas del Paran\u00e1"},"content":{"rendered":"<h1>Video del fuego en las islas del Paran\u00e1<\/h1>\n<p><iframe loading=\"lazy\" title=\"Fuego cruzado | TN en el coraz\u00f3n de los incendios en las islas del r\u00edo Paran\u00e1: im\u00e1genes impactantes\" width=\"696\" height=\"392\" src=\"https:\/\/www.youtube.com\/embed\/TjK9DEBx1EI?feature=oembed\" frameborder=\"0\" allow=\"accelerometer; autoplay; encrypted-media; gyroscope; picture-in-picture\" allowfullscreen><\/iframe><\/p>\n<div class=\"bajada\">\n<p>Bomberos de Santa Fe y Entre R\u00edos trabajan para extinguir los focos. Se sumaron unidades de San Lorenzo y efectivos del grupo Albatros para identificar a los autores del siniestro.<\/p>\n<p>Adem\u00e1s aparecieron nuevos puntos del lado contrario del Delta, y las \u00a0autoridades investigan la intencionalidad de los mismos.<\/p>\n<p>La quema de pastizales en las islas ubicadas frente a Granadero Baigorria, en Santa Fe, \u201cest\u00e1 controlada, no extinta, y se mantiene en observaci\u00f3n\u201d, dijo a <i>T\u00e9lam<\/i> el director del Servicio Nacional del Manejo del Fuego, Alberto Seufferheld.<\/p>\n<p>En tanto, en las islas situadas a casi 5 kil\u00f3metros, frente a la localidad de Alvear, \u201cel fuego se mantiene activo e incluso alrededor de algunas casas de pobladores isle\u00f1os, pero no hay personas ni viviendas da\u00f1adas\u201d, asegur\u00f3 el funcionario.<\/p>\n<p>Mientras los brigadistas trabajan en la extinci\u00f3n de los focos de incendios en las islas, se multiplican las quejas y reclamos de pobladores ribere\u00f1os y entidades ecologistas por el humo que torna irrespirable el aire en pueblos y ciudades costeras.<\/p>\n<p>Los brigadistas explican\u00a0en qu\u00e9 consiste su trabajo: \u201cEstamos en parte del Delta, en frente a Alvear, un poco m\u00e1s adentro. Hacemos labor de l\u00ednea, hasta anclar con el canal, por eso va quemando por dentro, pero una vez que anclemos, puede seguir quemando lo que ya estar\u00eda circunscripto\u201d.<\/p>\n<p>Asegur\u00f3 que este jueves los incendios se ubicaban de un lado del Delta y que este viernes se encuentran del lado contrario.<\/p>\n<p>En tanto, \u00a0la fiscal\u00eda federal entrerriana imput\u00f3 y pidi\u00f3 \u00a0la \u201cinmediata detenci\u00f3n&#8221; de diez propietarios de terrenos en las islas donde ocurren los incendios de pastizales, \u00a0intencionales en el Delta del Paran\u00e1<\/p>\n<p>El grupo Albatros, que est\u00e1 bajo el mando de Prefectura Naval, desembarc\u00f3 en Rosario con 45 efectivos y se incorpora a las tareas para ponerle fin a los incendios, investigar \u00a0e identificaci\u00f3n de las personas que los provocaron.<\/p>\n<\/div>\n<div class=\"titulo\">\n<p><b>Califican de &#8220;ecocidio&#8221; la quema de humedales en Entre R\u00edos<\/b><\/p>\n<\/div>\n<div class=\"bajada\">\n<p>En lo que va de este a\u00f1o se incendiaron 500 kil\u00f3metros cuadrados de estos ecosistemas, uno de los m\u00e1s biodiversos del planeta.<\/p>\n<\/div>\n","protected":false},"excerpt":{"rendered":"<p>Video del fuego en las islas del Paran\u00e1 Bomberos de Santa Fe y Entre R\u00edos trabajan para extinguir los focos. Se sumaron unidades de San Lorenzo y efectivos del grupo Albatros para identificar a los autores del siniestro. Adem\u00e1s aparecieron nuevos puntos del lado contrario del Delta, y las \u00a0autoridades investigan la intencionalidad de los [&hellip;]<\/p>\n","protected":false},"author":1,"featured_media":29227,"comment_status":"closed","ping_status":"closed","sticky":false,"template":"","format":"standard","meta":{"_jetpack_memberships_contains_paid_content":false,"footnotes":""},"categories":[83],"tags":[1776],"class_list":{"0":"post-29222","1":"post","2":"type-post","3":"status-publish","4":"format-standard","5":"has-post-thumbnail","7":"category-actualidad-nautica","8":"tag-islas-del-parana"},"jetpack_featured_media_url":"","jetpack_sharing_enabled":true,"jetpack-related-posts":[],"_links":{"self":[{"href":"https:\/\/nautica.news\/es\/wp-json\/wp\/v2\/posts\/29222","targetHints":{"allow":["GET"]}}],"collection":[{"href":"https:\/\/nautica.news\/es\/wp-json\/wp\/v2\/posts"}],"about":[{"href":"https:\/\/nautica.news\/es\/wp-json\/wp\/v2\/types\/post"}],"author":[{"embeddable":true,"href":"https:\/\/nautica.news\/es\/wp-json\/wp\/v2\/users\/1"}],"replies":[{"embeddable":true,"href":"https:\/\/nautica.news\/es\/wp-json\/wp\/v2\/comments?post=29222"}],"version-history":[{"count":0,"href":"https:\/\/nautica.news\/es\/wp-json\/wp\/v2\/posts\/29222\/revisions"}],"wp:featuredmedia":[{"embeddable":true,"href":"https:\/\/nautica.news\/es\/wp-json\/"}],"wp:attachment":[{"href":"https:\/\/nautica.news\/es\/wp-json\/wp\/v2\/media?parent=29222"}],"wp:term":[{"taxonomy":"category","embeddable":true,"href":"https:\/\/nautica.news\/es\/wp-json\/wp\/v2\/categories?post=29222"},{"taxonomy":"post_tag","embeddable":true,"href":"https:\/\/nautica.news\/es\/wp-json\/wp\/v2\/tags?post=29222"}],"curies":[{"name":"wp","href":"https:\/\/api.w.org\/{rel}","templated":true}]}}