{"id":29186,"date":"2020-08-01T19:30:33","date_gmt":"2020-08-01T22:30:33","guid":{"rendered":"http:\/\/nautic.wnpower.host\/?p=29186"},"modified":"2020-08-01T19:30:33","modified_gmt":"2020-08-01T22:30:33","slug":"la-regata-barcolana52-paso-las-200-tripulaciones-registradas","status":"publish","type":"post","link":"https:\/\/nautica.news\/es\/la-regata-barcolana52-paso-las-200-tripulaciones-registradas\/","title":{"rendered":"La regata Barcolana52 paso las  200 tripulaciones registradas."},"content":{"rendered":"<div class=\"row pm-news-title\">\n<div class=\"col-sm-12 col-md-12 col-lg-12\">\n<h1 id=\"pm-detail-title\">La regata Barcolana52, pas\u00f3 la marca de las 200 tripulaciones registradas<\/h1>\n<\/div>\n<\/div>\n<div class=\"row pm-news-utility-bar\">\n<div class=\"col-sm-8 bg-color\">\n<div class=\"fb-share-button fb_iframe_widget fb_iframe_widget_fluid\" data-href=\"https:\/\/www.pressmare.it\/it\/regate\/barcolana\/2020-07-31\/superata-boa-200-equipaggi-iscritti-27427\" data-layout=\"button_count\"><\/div>\n<\/div>\n<\/div>\n<div class=\"row pm-news-content\">\n<div class=\"col-sm-12 col-md-12 col-lg-12\">\n<figure><\/figure>\n<p>Las se\u00f1ales son muy alentadoras , \u00a0tanto para la Barcolana como para el turismo entrante y para la imagen del territorio regional. La cifra se refiere a aquellos que ya han cerrado la preinscripci\u00f3n porque muchos otros, m\u00e1s de cien, est\u00e1n completando el procedimiento y hasta que lo hayan completado, no ingresan al conteo oficial.<\/p>\n<figure>\n<footer><strong>Menos de la mitad son de Trieste, pero hay armadores de Mil\u00e1n, Tur\u00edn, Eslovenia y Croacia, una docena de Austria, cuatro de Alemania, uno de Eslovaquia y uno de Noruega.<\/strong><\/footer>\n<\/figure>\n<div class=\"pm-adv-intermediate p-relative\">\n<p class=\"pm-adv-announce-text\"><img loading=\"lazy\" decoding=\"async\" src=\"https:\/\/adv.awcloud.it\/live\/www\/delivery\/lg.php?bannerid=397&amp;campaignid=197&amp;zoneid=24&amp;source=barcolana&amp;loc=https%3A%2F%2Fwww.pressmare.it%2Fit%2Fregate%2Fbarcolana%2F2020-07-31%2Fsuperata-boa-200-equipaggi-iscritti-27427&amp;referer=https%3A%2F%2Fwww.pressmare.it%2F&amp;cb=43eedfad93\" alt=\"\" width=\"0\" height=\"0\" title=\"\"><\/p>\n<\/div>\n<p>Los primeros datos muestran un gran deseo de estar all\u00ed: en su mayor\u00eda son cascos de entre 20 y 45 pies, barcos familiares o fletados para una participaci\u00f3n entre amigos. &#8220;El primero en responder, dice Gialuz, fue la gente de la navegaci\u00f3n, la que lee los valores de la amistad mar\u00edtima en la Barcolana, y esto es una satisfacci\u00f3n y un gran resultado para nosotros&#8221;. Nuestro mensaje pasa: tambi\u00e9n pueden estar juntos respetando las reglas de distanciamiento, haciendo todo lo posible para estar all\u00ed &#8220;.<\/p>\n<p>Otro hecho interesante: de todos los que han comenzado el procedimiento de registro, la tendencia de las mujeres armadoras est\u00e1 aumentando. \u201cAntes de la llegada de Covid, de acuerdo con nuestros planes, el tema de este a\u00f1o era la igualdad de g\u00e9nero, el deseo de superar las barreras de g\u00e9nero y as\u00ed tener m\u00e1s marineros en Barcolana. Volveremos a este tema en el futuro, pero es bueno ver c\u00f3mo est\u00e1 creciendo la tendencia &#8220;, dijo Gialuz.<\/p>\n<p>Gran atenci\u00f3n tambi\u00e9n al tema de las Experiencias, la posibilidad de reservar paquetes y experiencias tur\u00edsticas directamente desde el sitio web www.barcolana.it, en la secci\u00f3n de comercio electr\u00f3nico: \u201cestamos felices de ver que el p\u00fablico est\u00e1 respondiendo a esta iniciativa, lo que indica una propensi\u00f3n a mu\u00e9vase y viaje con seguridad: las actividades que hemos planeado est\u00e1n dise\u00f1adas para grupos peque\u00f1os, para experimentar el evento y estar all\u00ed &#8220;.<\/p>\n<\/div>\n<\/div>\n","protected":false},"excerpt":{"rendered":"<p>La regata Barcolana52, pas\u00f3 la marca de las 200 tripulaciones registradas Las se\u00f1ales son muy alentadoras , \u00a0tanto para la Barcolana como para el turismo entrante y para la imagen del territorio regional. La cifra se refiere a aquellos que ya han cerrado la preinscripci\u00f3n porque muchos otros, m\u00e1s de cien, est\u00e1n completando el procedimiento [&hellip;]<\/p>\n","protected":false},"author":1,"featured_media":29187,"comment_status":"closed","ping_status":"closed","sticky":false,"template":"","format":"standard","meta":{"_jetpack_memberships_contains_paid_content":false,"footnotes":""},"categories":[85],"tags":[375,289],"class_list":{"0":"post-29186","1":"post","2":"type-post","3":"status-publish","4":"format-standard","5":"has-post-thumbnail","7":"category-vela-noticias-torneos-copas","8":"tag-barcolana","9":"tag-regata"},"jetpack_featured_media_url":"","jetpack_sharing_enabled":true,"jetpack-related-posts":[],"_links":{"self":[{"href":"https:\/\/nautica.news\/es\/wp-json\/wp\/v2\/posts\/29186","targetHints":{"allow":["GET"]}}],"collection":[{"href":"https:\/\/nautica.news\/es\/wp-json\/wp\/v2\/posts"}],"about":[{"href":"https:\/\/nautica.news\/es\/wp-json\/wp\/v2\/types\/post"}],"author":[{"embeddable":true,"href":"https:\/\/nautica.news\/es\/wp-json\/wp\/v2\/users\/1"}],"replies":[{"embeddable":true,"href":"https:\/\/nautica.news\/es\/wp-json\/wp\/v2\/comments?post=29186"}],"version-history":[{"count":0,"href":"https:\/\/nautica.news\/es\/wp-json\/wp\/v2\/posts\/29186\/revisions"}],"wp:featuredmedia":[{"embeddable":true,"href":"https:\/\/nautica.news\/es\/wp-json\/"}],"wp:attachment":[{"href":"https:\/\/nautica.news\/es\/wp-json\/wp\/v2\/media?parent=29186"}],"wp:term":[{"taxonomy":"category","embeddable":true,"href":"https:\/\/nautica.news\/es\/wp-json\/wp\/v2\/categories?post=29186"},{"taxonomy":"post_tag","embeddable":true,"href":"https:\/\/nautica.news\/es\/wp-json\/wp\/v2\/tags?post=29186"}],"curies":[{"name":"wp","href":"https:\/\/api.w.org\/{rel}","templated":true}]}}