{"id":29106,"date":"2020-07-29T15:54:37","date_gmt":"2020-07-29T18:54:37","guid":{"rendered":"http:\/\/nautic.wnpower.host\/?p=29106"},"modified":"2020-07-29T15:54:37","modified_gmt":"2020-07-29T18:54:37","slug":"incendios-en-el-delta-del-parana-2","status":"publish","type":"post","link":"https:\/\/nautica.news\/es\/incendios-en-el-delta-del-parana-2\/","title":{"rendered":"Incendios en el Delta del Paran\u00e1  sin control"},"content":{"rendered":"<div class=\"row\">\n<div class=\"col-12\">\n<section class=\"section-detail-header\">\n<div class=\"detail-header\">\n<div class=\"detail-header-wrapper\">\n<h1 class=\"title\">Los incendios en el Delta del Paran\u00e1 siguen sin control<\/h1>\n<div class=\"grouper-and-date-wrapper d-flex flex-row align-items-center justify-content-start\"><span style=\"color: #111111;font-family: Roboto, sans-serif;font-size: 27px\">Los incendios volvieron a generalizarse \u00a0en las islas entrerrianas frente a la ciudad de Rosario, y el humo se extiende a regiones cercanas.<\/span><\/div>\n<\/div>\n<\/div>\n<\/section>\n<\/div>\n<\/div>\n<div class=\"row\">\n<div class=\"col-12 col-sm-3\"><\/div>\n<div class=\"col-12 col-sm-3\"><strong>Los incendios volvieron este domingo en las islas entrerrianas del r\u00edo Paran\u00e1 frente a la ciudad de Rosario.\u00a0<\/strong><\/div>\n<\/div>\n<div class=\"row\">\n<div class=\"col-12 col-md-12 col-lg-8\">\n<div class=\"banner-wrapper free-banner\">\n<section class=\"related-note-in-body\">\n<article class=\"related-note-in-body-article row align-items-stretch no-gutters  \" data-type=\"article\">\n<div class=\"col\">\n<div class=\"info-wrapper\">\n<h2 class=\"title\"><\/h2>\n<\/div>\n<\/div>\n<\/article>\n<\/section>\n<section class=\"detail-body\">\n<section class=\"body-content note-body content-protected-false\">Luego de los esfuerzos realizados para controlarlo \u00a0por parte de brigadistas tanto de la Naci\u00f3n como de las provincias de Santa Fe y Entre R\u00edos, y de tres d\u00edas de calma, las llamas volvieron a envolver a las islas y el humo empezaba a afectar a Rosario.<\/p>\n<p>Los \u00a0aviones hidrantes enviados por la Naci\u00f3n volver\u00e1n a trabajar, y \u00a0hay monitor\u00e9os que permitir\u00edan determinar los responsables de los incendios.<\/p>\n<p>Aunque se necesita encontrar una soluci\u00f3n de fondo a los incendios en las islas del delta del Paran\u00e1, ya que es hora de terminar con estos ecocidios, y establecer las l\u00edneas estrat\u00e9gicas para la conservaci\u00f3n y el uso sostenible del delta del Paran\u00e1, afectado por las reiteradas quemas de pastizales que pusieron en peligro los humedales de la zona<\/p>\n<\/section>\n<\/section>\n<\/div>\n<\/div>\n<\/div>\n","protected":false},"excerpt":{"rendered":"<p>Los incendios en el Delta del Paran\u00e1 siguen sin control Los incendios volvieron a generalizarse \u00a0en las islas entrerrianas frente a la ciudad de Rosario, y el humo se extiende a regiones cercanas. Los incendios volvieron este domingo en las islas entrerrianas del r\u00edo Paran\u00e1 frente a la ciudad de Rosario.\u00a0 Luego de los esfuerzos [&hellip;]<\/p>\n","protected":false},"author":3,"featured_media":29110,"comment_status":"closed","ping_status":"closed","sticky":false,"template":"","format":"standard","meta":{"_jetpack_memberships_contains_paid_content":false,"footnotes":""},"categories":[83],"tags":[1184],"class_list":{"0":"post-29106","1":"post","2":"type-post","3":"status-publish","4":"format-standard","5":"has-post-thumbnail","7":"category-actualidad-nautica","8":"tag-delta-del-parana"},"jetpack_featured_media_url":"","jetpack_sharing_enabled":true,"jetpack-related-posts":[],"_links":{"self":[{"href":"https:\/\/nautica.news\/es\/wp-json\/wp\/v2\/posts\/29106","targetHints":{"allow":["GET"]}}],"collection":[{"href":"https:\/\/nautica.news\/es\/wp-json\/wp\/v2\/posts"}],"about":[{"href":"https:\/\/nautica.news\/es\/wp-json\/wp\/v2\/types\/post"}],"author":[{"embeddable":true,"href":"https:\/\/nautica.news\/es\/wp-json\/wp\/v2\/users\/3"}],"replies":[{"embeddable":true,"href":"https:\/\/nautica.news\/es\/wp-json\/wp\/v2\/comments?post=29106"}],"version-history":[{"count":0,"href":"https:\/\/nautica.news\/es\/wp-json\/wp\/v2\/posts\/29106\/revisions"}],"wp:featuredmedia":[{"embeddable":true,"href":"https:\/\/nautica.news\/es\/wp-json\/"}],"wp:attachment":[{"href":"https:\/\/nautica.news\/es\/wp-json\/wp\/v2\/media?parent=29106"}],"wp:term":[{"taxonomy":"category","embeddable":true,"href":"https:\/\/nautica.news\/es\/wp-json\/wp\/v2\/categories?post=29106"},{"taxonomy":"post_tag","embeddable":true,"href":"https:\/\/nautica.news\/es\/wp-json\/wp\/v2\/tags?post=29106"}],"curies":[{"name":"wp","href":"https:\/\/api.w.org\/{rel}","templated":true}]}}