{"id":28796,"date":"2020-07-17T19:00:43","date_gmt":"2020-07-17T22:00:43","guid":{"rendered":"http:\/\/nautic.wnpower.host\/?p=28796"},"modified":"2020-07-17T19:00:43","modified_gmt":"2020-07-17T22:00:43","slug":"la-camara-de-actividades-nauticas-solicito-al-gobierno-la-flexibilizacion","status":"publish","type":"post","link":"https:\/\/nautica.news\/es\/la-camara-de-actividades-nauticas-solicito-al-gobierno-la-flexibilizacion\/","title":{"rendered":"LA C\u00c1MARA DE ACTIVIDADES N\u00c1UTICAS SOLICIT\u00d3 AL GOBIERNO LA FLEXIBILIZACI\u00d3N"},"content":{"rendered":"<div class=\"mg-header\">\n<h1 class=\"title single\"><a title=\"Enlace permanente a:LA C\u00c1MARA DE ACTIVIDADES N\u00c1UTICAS SOLICITA AL GOBIERNO LA FLEXIBILIZACI\u00d3N DEL SECTOR\">LA C\u00c1MARA DE ACTIVIDADES N\u00c1UTICAS SOLICIT\u00d3 AL GOBIERNO LA FLEXIBILIZACI\u00d3N DEL SECTOR<\/a><\/h1>\n<p>La\u00a0<strong>C\u00e1mara de Actividades N\u00e1uticas de la Rep\u00fablica Argentina<\/strong>\u00a0solicit\u00f3 \u00a0la flexibilizaci\u00f3n de la actividad n\u00e1utica, a\u00a0trav\u00e9s de la siguiente carta enviada al Jefe de Gabinete de Ministros de la Naci\u00f3n<br \/>\nS<strong>olicitando la factibilidad de incorporaci\u00f3n de la actividad n\u00e1utica deportiva como exceptuada en forma parcial y controlada de la cuarentena prevista por el Decreto 297\/2020.<\/strong><\/p>\n<p>&nbsp;<\/p>\n<p><img loading=\"lazy\" decoding=\"async\" class=\"alignnone size-large wp-image-28798\" src=\"https:\/\/nautispots.com\/wp-content\/uploads\/2020\/07\/841245F1-9350-411D-BBEA-6E933C8232D6-873x1024.jpeg\" alt=\"\" width=\"696\" height=\"816\" title=\"\"> <img loading=\"lazy\" decoding=\"async\" class=\"alignnone size-full wp-image-28797\" src=\"https:\/\/nautispots.com\/wp-content\/uploads\/2020\/07\/9474EBD5-5DA5-4C4C-8274-83FA235057F1.jpeg\" alt=\"\" width=\"1000\" height=\"801\" title=\"\"><\/p>\n<\/div>\n","protected":false},"excerpt":{"rendered":"<p>LA C\u00c1MARA DE ACTIVIDADES N\u00c1UTICAS SOLICIT\u00d3 AL GOBIERNO LA FLEXIBILIZACI\u00d3N DEL SECTOR La\u00a0C\u00e1mara de Actividades N\u00e1uticas de la Rep\u00fablica Argentina\u00a0solicit\u00f3 \u00a0la flexibilizaci\u00f3n de la actividad n\u00e1utica, a\u00a0trav\u00e9s de la siguiente carta enviada al Jefe de Gabinete de Ministros de la Naci\u00f3n Solicitando la factibilidad de incorporaci\u00f3n de la actividad n\u00e1utica deportiva como exceptuada en forma [&hellip;]<\/p>\n","protected":false},"author":3,"featured_media":28799,"comment_status":"closed","ping_status":"closed","sticky":false,"template":"","format":"standard","meta":{"_jetpack_memberships_contains_paid_content":false,"footnotes":""},"categories":[83],"tags":[1722,1723],"class_list":{"0":"post-28796","1":"post","2":"type-post","3":"status-publish","4":"format-standard","5":"has-post-thumbnail","7":"category-actualidad-nautica","8":"tag-camra","9":"tag-la-camara-de-actividades-nauticas"},"jetpack_featured_media_url":"","jetpack_sharing_enabled":true,"jetpack-related-posts":[],"_links":{"self":[{"href":"https:\/\/nautica.news\/es\/wp-json\/wp\/v2\/posts\/28796","targetHints":{"allow":["GET"]}}],"collection":[{"href":"https:\/\/nautica.news\/es\/wp-json\/wp\/v2\/posts"}],"about":[{"href":"https:\/\/nautica.news\/es\/wp-json\/wp\/v2\/types\/post"}],"author":[{"embeddable":true,"href":"https:\/\/nautica.news\/es\/wp-json\/wp\/v2\/users\/3"}],"replies":[{"embeddable":true,"href":"https:\/\/nautica.news\/es\/wp-json\/wp\/v2\/comments?post=28796"}],"version-history":[{"count":0,"href":"https:\/\/nautica.news\/es\/wp-json\/wp\/v2\/posts\/28796\/revisions"}],"wp:featuredmedia":[{"embeddable":true,"href":"https:\/\/nautica.news\/es\/wp-json\/"}],"wp:attachment":[{"href":"https:\/\/nautica.news\/es\/wp-json\/wp\/v2\/media?parent=28796"}],"wp:term":[{"taxonomy":"category","embeddable":true,"href":"https:\/\/nautica.news\/es\/wp-json\/wp\/v2\/categories?post=28796"},{"taxonomy":"post_tag","embeddable":true,"href":"https:\/\/nautica.news\/es\/wp-json\/wp\/v2\/tags?post=28796"}],"curies":[{"name":"wp","href":"https:\/\/api.w.org\/{rel}","templated":true}]}}