{"id":27682,"date":"2020-06-05T10:36:48","date_gmt":"2020-06-05T13:36:48","guid":{"rendered":"http:\/\/nautic.wnpower.host\/?p=27682"},"modified":"2020-06-05T10:36:48","modified_gmt":"2020-06-05T13:36:48","slug":"the-ocean-race-estudia-aplazar-la-proxima-edicion","status":"publish","type":"post","link":"https:\/\/nautica.news\/es\/the-ocean-race-estudia-aplazar-la-proxima-edicion\/","title":{"rendered":"The Ocean Race estudia aplazar la pr\u00f3xima edici\u00f3n 2021"},"content":{"rendered":"<h2>The Ocean Race estudia aplazar la pr\u00f3xima edici\u00f3n 2021<\/h2>\n<p><a href=\"http:\/\/Theoceanrace.com\" rel=\"noopener\"><strong>The Ocean Race<\/strong> <\/a>estudia <strong>aplazar la pr\u00f3xima edici\u00f3n<\/strong> de la vuelta al mundo a vela, programada para octubre de 2021 desde <strong>Alicante<\/strong>, debido al impacto del\u00a0<strong>Coronavirus<\/strong><br \/>\nLos organizadores \u00a0llevan semanas negociando \u00a0con patrocinadores, equipos y ciudades y tiene previsto anunciar la decisi\u00f3n definitiva proximamente.<\/p>\n<p><strong>Los propietarios de The Ocean Race , Johan Sal\u00e9n y\u00a0<\/strong><strong>Richard Brisius<\/strong>, desvelaron \u00a0la opci\u00f3n de la cancelaci\u00f3n de la edici\u00f3n 2021\/2022 en una entrevista<strong>&#8220;Estamos en conversaci\u00f3n con patrocinadores, equipos y ciudades para tomar una decisi\u00f3n&#8221;<\/strong>.<\/p>\n<p>El motivo principal de posponer la competici\u00f3n : la<strong> imposibilidad de los equipos de encontrar la financiaci\u00f3n necesaria<\/strong> en medio de la situaci\u00f3n sanitaria y econ\u00f3mica ocasionada por la pandemia.<\/p>\n<p>Tambien los\u00a0<strong>riesgos que entra\u00f1a llevar a cabo una vuelta al mundo con escalas a corto plazo<\/strong>, no s\u00f3lo a nivel sanitario, sino de log\u00edstico o de presupuestos. &#8220;Algunas ciudades est\u00e1n preparadas, pero tal vez sea mejor esperar&#8221;.<\/p>\n<p>La idea es anunciar el aplazamiento de la edici\u00f3n 2021\/2022 cuanto antes de cara a eliminar la incertidumbre en todas las partes involucradas .<strong>&#8220;Si la regata no tiene lugar en 2021, la opci\u00f3n m\u00e1s probable ser\u00eda posponerla por un a\u00f1o , con la salida en Alicante fijada en 2022\u201d<\/strong><\/p>\n<p><strong>\u00a0No est\u00e1 previsto modificar la ruta anunciada con 10 puertos.<\/strong><\/p>\n<p>El hecho de aplazar la edici\u00f3n s\u00ed que les dar\u00eda margen de tiempo para <strong>para simplificar el concepto del evento, \u00a0para que sea m\u00e1s barato y sostenible.<\/strong><\/p>\n<p>Respecto al n\u00famero de equipos, The Ocean Race asegura hay <strong>20 equipos interesados.<\/strong><\/p>\n","protected":false},"excerpt":{"rendered":"<p>The Ocean Race estudia aplazar la pr\u00f3xima edici\u00f3n 2021 The Ocean Race estudia aplazar la pr\u00f3xima edici\u00f3n de la vuelta al mundo a vela, programada para octubre de 2021 desde Alicante, debido al impacto del\u00a0Coronavirus Los organizadores \u00a0llevan semanas negociando \u00a0con patrocinadores, equipos y ciudades y tiene previsto anunciar la decisi\u00f3n definitiva proximamente. Los propietarios [&hellip;]<\/p>\n","protected":false},"author":3,"featured_media":27683,"comment_status":"closed","ping_status":"closed","sticky":false,"template":"","format":"standard","meta":{"_jetpack_memberships_contains_paid_content":false,"footnotes":""},"categories":[83,564],"tags":[563],"class_list":{"0":"post-27682","1":"post","2":"type-post","3":"status-publish","4":"format-standard","5":"has-post-thumbnail","7":"category-actualidad-nautica","8":"category-the-ocean-race","9":"tag-the-ocean-race"},"jetpack_featured_media_url":"","jetpack_sharing_enabled":true,"jetpack-related-posts":[],"_links":{"self":[{"href":"https:\/\/nautica.news\/es\/wp-json\/wp\/v2\/posts\/27682","targetHints":{"allow":["GET"]}}],"collection":[{"href":"https:\/\/nautica.news\/es\/wp-json\/wp\/v2\/posts"}],"about":[{"href":"https:\/\/nautica.news\/es\/wp-json\/wp\/v2\/types\/post"}],"author":[{"embeddable":true,"href":"https:\/\/nautica.news\/es\/wp-json\/wp\/v2\/users\/3"}],"replies":[{"embeddable":true,"href":"https:\/\/nautica.news\/es\/wp-json\/wp\/v2\/comments?post=27682"}],"version-history":[{"count":0,"href":"https:\/\/nautica.news\/es\/wp-json\/wp\/v2\/posts\/27682\/revisions"}],"wp:featuredmedia":[{"embeddable":true,"href":"https:\/\/nautica.news\/es\/wp-json\/"}],"wp:attachment":[{"href":"https:\/\/nautica.news\/es\/wp-json\/wp\/v2\/media?parent=27682"}],"wp:term":[{"taxonomy":"category","embeddable":true,"href":"https:\/\/nautica.news\/es\/wp-json\/wp\/v2\/categories?post=27682"},{"taxonomy":"post_tag","embeddable":true,"href":"https:\/\/nautica.news\/es\/wp-json\/wp\/v2\/tags?post=27682"}],"curies":[{"name":"wp","href":"https:\/\/api.w.org\/{rel}","templated":true}]}}