{"id":26467,"date":"2020-04-28T12:50:03","date_gmt":"2020-04-28T15:50:03","guid":{"rendered":"http:\/\/nautic.wnpower.host\/?p=26467"},"modified":"2020-04-28T12:50:03","modified_gmt":"2020-04-28T15:50:03","slug":"ferretti-group-reabre-todas-sus-plantas","status":"publish","type":"post","link":"https:\/\/nautica.news\/es\/ferretti-group-reabre-todas-sus-plantas\/","title":{"rendered":"Ferretti Group reabre todas sus plantas"},"content":{"rendered":"<p><span>Ferretti Group reabre todas sus f\u00e1bricas en: Ancona, Mondolfo, Cattolica, Forl\u00ec, La Spezia, Sarnico y Venecia.<\/span><\/p>\n<div class=\"pm-adv-intermediate p-relative\">\n<p class=\"pm-adv-announce-text\"><img loading=\"lazy\" decoding=\"async\" src=\"https:\/\/adv.awcloud.it\/live\/www\/delivery\/lg.php?bannerid=475&amp;campaignid=232&amp;zoneid=24&amp;source=ferretti-group&amp;loc=https%3A%2F%2Fwww.pressmare.it%2Fit%2Fcantieri%2Fferretti-group%2F2020-04-28%2Friprende-attivita-produttiva-tutti-stabilimenti-26280&amp;referer=https%3A%2F%2Fwww.pressmare.it%2F&amp;cb=025e8e0381\" alt=\"\" width=\"0\" height=\"0\" title=\"\"><\/p>\n<\/div>\n<p><span>La reanudaci\u00f3n de la actividad fue posible gracias a las nuevas regulaciones y la colaboraci\u00f3n con instituciones y sindicatos nacionales, territoriales y locales, sancionados por el protocolo firmado el 15 de abril. El protocolo aplica y fortalece las medidas preventivas establecidas por ley para todos los retornos al trabajo, integr\u00e1ndolos con las medidas voluntarias adoptadas por el Grupo para fortalecer la protecci\u00f3n de sus empleados.<\/span><\/p>\n<p><span>A todos los trabajadores tambi\u00e9n se les pagar\u00e1 con el salario del mes de abril el saldo del bono resultante al que se suman de inmediato los 100 euros del bono previsto por el Decreto Ley 18\/2020 que la Compa\u00f1\u00eda ha decidido liquidar a todos sus colaboradores. .<\/span><\/p>\n<p><span>\u201cHoy es un d\u00eda hermoso porque reabrimos nuestras f\u00e1bricas y reabrimos de manera segura, gracias al compromiso de muchos que se preocupan por las personas del Grupo Ferretti. Por esto, quiero agradecer a los sindicatos, con los cuales, entre los primeros en Italia, hemos desarrollado el protocolo de prevenci\u00f3n, y a las instituciones, en particular a las prefecturas, al presidente de la regi\u00f3n de Emilia Romagna, Stefano Bonaccini, y al presidente de la regi\u00f3n de Liguria, Giovanni Toti. , junto con el subsecretario del primer ministro, senador Mario Turco, por lo cerca que estaban de todos los barcos nacionales en este complejo per\u00edodo &#8220;. coment\u00f3 Alberto Galassi, CEO del Grupo Ferretti. &#8220;El<\/span><br \/>\n<span>Gruppo Ferretti retoma con seguridad donde lo dej\u00f3: desde los barcos vendidos para construir y entregar, <\/span><br \/>\n<span>desde el inter\u00e9s y la confianza de muchos armadores de todo el mundo &#8220;.<\/span><\/p>\n","protected":false},"excerpt":{"rendered":"<p>Ferretti Group reabre todas sus f\u00e1bricas en: Ancona, Mondolfo, Cattolica, Forl\u00ec, La Spezia, Sarnico y Venecia. La reanudaci\u00f3n de la actividad fue posible gracias a las nuevas regulaciones y la colaboraci\u00f3n con instituciones y sindicatos nacionales, territoriales y locales, sancionados por el protocolo firmado el 15 de abril. El protocolo aplica y fortalece las medidas [&hellip;]<\/p>\n","protected":false},"author":3,"featured_media":26468,"comment_status":"closed","ping_status":"closed","sticky":false,"template":"","format":"standard","meta":{"_jetpack_memberships_contains_paid_content":false,"footnotes":""},"categories":[83],"tags":[500],"class_list":{"0":"post-26467","1":"post","2":"type-post","3":"status-publish","4":"format-standard","5":"has-post-thumbnail","7":"category-actualidad-nautica","8":"tag-ferretti"},"jetpack_featured_media_url":"","jetpack_sharing_enabled":true,"jetpack-related-posts":[],"_links":{"self":[{"href":"https:\/\/nautica.news\/es\/wp-json\/wp\/v2\/posts\/26467","targetHints":{"allow":["GET"]}}],"collection":[{"href":"https:\/\/nautica.news\/es\/wp-json\/wp\/v2\/posts"}],"about":[{"href":"https:\/\/nautica.news\/es\/wp-json\/wp\/v2\/types\/post"}],"author":[{"embeddable":true,"href":"https:\/\/nautica.news\/es\/wp-json\/wp\/v2\/users\/3"}],"replies":[{"embeddable":true,"href":"https:\/\/nautica.news\/es\/wp-json\/wp\/v2\/comments?post=26467"}],"version-history":[{"count":0,"href":"https:\/\/nautica.news\/es\/wp-json\/wp\/v2\/posts\/26467\/revisions"}],"wp:featuredmedia":[{"embeddable":true,"href":"https:\/\/nautica.news\/es\/wp-json\/"}],"wp:attachment":[{"href":"https:\/\/nautica.news\/es\/wp-json\/wp\/v2\/media?parent=26467"}],"wp:term":[{"taxonomy":"category","embeddable":true,"href":"https:\/\/nautica.news\/es\/wp-json\/wp\/v2\/categories?post=26467"},{"taxonomy":"post_tag","embeddable":true,"href":"https:\/\/nautica.news\/es\/wp-json\/wp\/v2\/tags?post=26467"}],"curies":[{"name":"wp","href":"https:\/\/api.w.org\/{rel}","templated":true}]}}