{"id":25519,"date":"2020-04-06T19:39:51","date_gmt":"2020-04-06T22:39:51","guid":{"rendered":"http:\/\/nautic.wnpower.host\/?p=25519"},"modified":"2020-04-06T19:39:51","modified_gmt":"2020-04-06T22:39:51","slug":"alarmante-baja-del-rio-parana","status":"publish","type":"post","link":"https:\/\/nautica.news\/es\/alarmante-baja-del-rio-parana\/","title":{"rendered":"Video: alarmante baja del R\u00edo Paran\u00e1"},"content":{"rendered":"<h3 class=\"entry-title\">Alarmante baja del R\u00edo Paran\u00e1 en el Puerto de Santa Fe<\/h3>\n<p><iframe loading=\"lazy\" title=\"Alarmante baja del R\u00edo Paran\u00e1 en el Puerto de Santa Fe\" width=\"696\" height=\"392\" src=\"https:\/\/www.youtube.com\/embed\/BugqXbUpk7U?feature=oembed\" frameborder=\"0\" allow=\"accelerometer; autoplay; encrypted-media; gyroscope; picture-in-picture\" allowfullscreen><\/iframe><\/p>\n<p>El <b>R\u00edo Paran\u00e1<\/b> vuelve a ser noticia en la regi\u00f3n por el escaso nivel de agua que presenta.<\/p>\n<p>En el Puerto de Santa Fe la \u00faltima medici\u00f3n a cargo de <b>Prefectura<\/b> arroj\u00f3 1,39 mts. La marca m\u00e1s baja de los \u00faltimos 40 a\u00f1os.<\/p>\n<p>El viernes descendi\u00f3 a 1,48 metros. El s\u00e1bado 1,50 mts , y el domingo volvi\u00f3 a bajar al actual 1,39 mts.<\/p>\n<p>Al igual que en diciembre de 2019, el paisaje se trastoc\u00f3 y surgieron bancos de arena en la Laguna Set\u00fabal.<\/p>\n","protected":false},"excerpt":{"rendered":"<p>Alarmante baja del R\u00edo Paran\u00e1 en el Puerto de Santa Fe El R\u00edo Paran\u00e1 vuelve a ser noticia en la regi\u00f3n por el escaso nivel de agua que presenta. En el Puerto de Santa Fe la \u00faltima medici\u00f3n a cargo de Prefectura arroj\u00f3 1,39 mts. La marca m\u00e1s baja de los \u00faltimos 40 a\u00f1os. El [&hellip;]<\/p>\n","protected":false},"author":3,"featured_media":25521,"comment_status":"closed","ping_status":"closed","sticky":false,"template":"","format":"standard","meta":{"_jetpack_memberships_contains_paid_content":false,"footnotes":""},"categories":[83],"tags":[228,190],"class_list":{"0":"post-25519","1":"post","2":"type-post","3":"status-publish","4":"format-standard","5":"has-post-thumbnail","7":"category-actualidad-nautica","8":"tag-bajante","9":"tag-rio-parana"},"jetpack_featured_media_url":"","jetpack_sharing_enabled":true,"jetpack-related-posts":[],"_links":{"self":[{"href":"https:\/\/nautica.news\/es\/wp-json\/wp\/v2\/posts\/25519","targetHints":{"allow":["GET"]}}],"collection":[{"href":"https:\/\/nautica.news\/es\/wp-json\/wp\/v2\/posts"}],"about":[{"href":"https:\/\/nautica.news\/es\/wp-json\/wp\/v2\/types\/post"}],"author":[{"embeddable":true,"href":"https:\/\/nautica.news\/es\/wp-json\/wp\/v2\/users\/3"}],"replies":[{"embeddable":true,"href":"https:\/\/nautica.news\/es\/wp-json\/wp\/v2\/comments?post=25519"}],"version-history":[{"count":0,"href":"https:\/\/nautica.news\/es\/wp-json\/wp\/v2\/posts\/25519\/revisions"}],"wp:featuredmedia":[{"embeddable":true,"href":"https:\/\/nautica.news\/es\/wp-json\/"}],"wp:attachment":[{"href":"https:\/\/nautica.news\/es\/wp-json\/wp\/v2\/media?parent=25519"}],"wp:term":[{"taxonomy":"category","embeddable":true,"href":"https:\/\/nautica.news\/es\/wp-json\/wp\/v2\/categories?post=25519"},{"taxonomy":"post_tag","embeddable":true,"href":"https:\/\/nautica.news\/es\/wp-json\/wp\/v2\/tags?post=25519"}],"curies":[{"name":"wp","href":"https:\/\/api.w.org\/{rel}","templated":true}]}}