{"id":21649,"date":"2019-10-28T18:32:36","date_gmt":"2019-10-28T21:32:36","guid":{"rendered":"http:\/\/nautic.wnpower.host\/?p=21649"},"modified":"2019-10-28T18:32:36","modified_gmt":"2019-10-28T21:32:36","slug":"bajante-del-rio-parana-9","status":"publish","type":"post","link":"https:\/\/nautica.news\/es\/bajante-del-rio-parana-9\/","title":{"rendered":"Por bajante del r\u00edo Paran\u00e1 qued\u00f3 a la vista el t\u00fanel subfluvial"},"content":{"rendered":"<h1 class=\"title\">Por \u00a0bajante del r\u00edo Paran\u00e1, qued\u00f3 a la vista el t\u00fanel subfluvial que une Santa Fe y Entre R\u00edos<\/h1>\n<p class=\"subtitle\">La manta geotextil que recubre el t\u00fanel qued\u00f3 a la vista.<\/p>\n<p>La hist\u00f3rica bajante del r\u00edo Paran\u00e1 sigue generando postales preocupantes.<\/p>\n<p>Ayer\u00a0circul\u00f3 la imagen de la manta que recubre el T\u00fanel Subfluvial.\u00a0Se trata de\u00a0la estructura que protege el T\u00fanel Subfluvial que une las provincias de Santa Fe y Entre R\u00edos, se\u00f1al\u00f3 el portal Ahora.com.ar.<\/p>\n<p>De acuerdo a la publicaci\u00f3n de Paran\u00e1 Hacia el Mundo, se trata de la manta geotextil que protege al t\u00fanel que conecta Paran\u00e1 con Santa Fe. Fue colocada en la d\u00e9cada del noventa para proteger la obra de la creciente del r\u00edo.<\/p>\n","protected":false},"excerpt":{"rendered":"<p>Por \u00a0bajante del r\u00edo Paran\u00e1, qued\u00f3 a la vista el t\u00fanel subfluvial que une Santa Fe y Entre R\u00edos La manta geotextil que recubre el t\u00fanel qued\u00f3 a la vista. La hist\u00f3rica bajante del r\u00edo Paran\u00e1 sigue generando postales preocupantes. Ayer\u00a0circul\u00f3 la imagen de la manta que recubre el T\u00fanel Subfluvial.\u00a0Se trata de\u00a0la estructura que [&hellip;]<\/p>\n","protected":false},"author":1,"featured_media":21650,"comment_status":"closed","ping_status":"closed","sticky":false,"template":"","format":"standard","meta":{"_jetpack_memberships_contains_paid_content":false,"footnotes":""},"categories":[83],"tags":[],"class_list":{"0":"post-21649","1":"post","2":"type-post","3":"status-publish","4":"format-standard","5":"has-post-thumbnail","7":"category-actualidad-nautica"},"jetpack_featured_media_url":"","jetpack_sharing_enabled":true,"jetpack-related-posts":[],"_links":{"self":[{"href":"https:\/\/nautica.news\/es\/wp-json\/wp\/v2\/posts\/21649","targetHints":{"allow":["GET"]}}],"collection":[{"href":"https:\/\/nautica.news\/es\/wp-json\/wp\/v2\/posts"}],"about":[{"href":"https:\/\/nautica.news\/es\/wp-json\/wp\/v2\/types\/post"}],"author":[{"embeddable":true,"href":"https:\/\/nautica.news\/es\/wp-json\/wp\/v2\/users\/1"}],"replies":[{"embeddable":true,"href":"https:\/\/nautica.news\/es\/wp-json\/wp\/v2\/comments?post=21649"}],"version-history":[{"count":0,"href":"https:\/\/nautica.news\/es\/wp-json\/wp\/v2\/posts\/21649\/revisions"}],"wp:featuredmedia":[{"embeddable":true,"href":"https:\/\/nautica.news\/es\/wp-json\/"}],"wp:attachment":[{"href":"https:\/\/nautica.news\/es\/wp-json\/wp\/v2\/media?parent=21649"}],"wp:term":[{"taxonomy":"category","embeddable":true,"href":"https:\/\/nautica.news\/es\/wp-json\/wp\/v2\/categories?post=21649"},{"taxonomy":"post_tag","embeddable":true,"href":"https:\/\/nautica.news\/es\/wp-json\/wp\/v2\/tags?post=21649"}],"curies":[{"name":"wp","href":"https:\/\/api.w.org\/{rel}","templated":true}]}}