{"id":21594,"date":"2019-10-24T09:15:39","date_gmt":"2019-10-24T12:15:39","guid":{"rendered":"http:\/\/nautic.wnpower.host\/?p=21594"},"modified":"2019-10-24T09:15:39","modified_gmt":"2019-10-24T12:15:39","slug":"bajante-rio-parana","status":"publish","type":"post","link":"https:\/\/nautica.news\/es\/bajante-rio-parana\/","title":{"rendered":"La bajante del R\u00edo Paran\u00e1 podr\u00eda dar  un nuevo r\u00e9cord hist\u00f3rico"},"content":{"rendered":"<header class=\"header-top\">\n<h2 id=\"nota-title\">La bajante del R\u00edo Paran\u00e1 podr\u00eda marcar un nuevo r\u00e9cord hist\u00f3rico<\/h2>\n<section class=\"bajada\">Se encamina a ser una de las tres bajantes m\u00e1s pronunciadas de los \u00faltimos 30 a\u00f1os. Podr\u00eda igualar el r\u00e9cord registrado en el a\u00f1o 2001, al medir 1,19 metros en el puerto de Paran\u00e1. S<b>eguir\u00e1 bajando hasta fin de octubre<\/b><\/section>\n<\/header>\n<div class=\"post-interior\">\n<div class=\"cont-nota\">\n<article class=\"cont-cuerpo confoto conpie\">\n<div class=\"i-amphtml-slides-container\" aria-live=\"polite\">\n<div class=\"i-amphtml-carousel-start-marker\"><\/div>\n<div class=\"i-amphtml-slide-item i-amphtml-slide-item-show\"><\/div>\n<div class=\"amp-carousel-button amp-carousel-button-next i-amphtml-screen-reader\" title=\"Next item in carousel (2 of 7)\" role=\"button\"><\/div>\n<\/div>\n<div class=\"banner-a\">El estado de bajante del r\u00edo Paran\u00e1 mantiene en alerta a los expertos de la regi\u00f3n.<\/div>\n<div class=\"banner-a\"><b>El Instituto Nacional del Agua, emiti\u00f3 la semana pasada un informe con pron\u00f3sticos que confirman la agudizaci\u00f3n de la bajante en la zona<\/b>.<\/div>\n<section class=\"texto\">Estas condiciones se dan por las bajas o nulas precipitaciones que se registran aguas arriba de la capital entrerriana, sobre todo en Brasil y Paraguay, donde los afluentes de estos pa\u00edses representan la Cuenca Alta del Plata y que alimentan el Paran\u00e1.<\/p>\n<figure class=\"embed\"><\/figure>\n<h5>Super\u00f3 las previsiones Y\u00a0<span style=\"color: #222222;font-family: Verdana, Geneva, sans-serif;font-size: 15px\">advierten que el Paran\u00e1 seguir\u00eda en tendencia a la baja y descender\u00eda a 1,33 metros en el puerto de la capital entrerriana. Una semana m\u00e1s tarde (29\/10) alertan que bajar\u00eda a\u00fan m\u00e1s y llegar\u00eda al 1,30 mts.\u00a0<\/span><\/h5>\n<p>El\u00a0<b>Puerto de Paran\u00e1 marc\u00f3 1,27 metros<\/b><\/p>\n<h5>Hist\u00f3rica bajante<\/h5>\n<p>En 2009 se lleg\u00f3 a 1,10 mts; en el 2001 a 1,19 mts; y en el 2004 a 1,26 mts.<br \/>\nEl nivel actual de bajante, <b>ocupa el quinto lugar en los registros hist\u00f3ricos de los \u00faltimos 30 a\u00f1os.<\/b><\/p>\n<figure class=\"embed\"><\/figure>\n<h5>Hay que tener prudencia \u00a0al navegar por <span style=\"color: #222222;font-family: Verdana, Geneva, sans-serif;font-size: 15px\">esta bajante que afecta la navegabilidad , por los bancos e islas que conforman un delta en constante crecimiento, producto de los sedimentos. En la zona de Paran\u00e1, uno de los lugares donde mayor cuidado hay que tener, es en Bajada Grande, donde emergi\u00f3 una vasta extensi\u00f3n de bancos de arena.<\/span><\/h5>\n<\/section>\n<\/article>\n<\/div>\n<\/div>\n","protected":false},"excerpt":{"rendered":"<p>La bajante del R\u00edo Paran\u00e1 podr\u00eda marcar un nuevo r\u00e9cord hist\u00f3rico Se encamina a ser una de las tres bajantes m\u00e1s pronunciadas de los \u00faltimos 30 a\u00f1os. Podr\u00eda igualar el r\u00e9cord registrado en el a\u00f1o 2001, al medir 1,19 metros en el puerto de Paran\u00e1. Seguir\u00e1 bajando hasta fin de octubre El estado de bajante [&hellip;]<\/p>\n","protected":false},"author":1,"featured_media":21597,"comment_status":"closed","ping_status":"closed","sticky":false,"template":"","format":"standard","meta":{"_jetpack_memberships_contains_paid_content":false,"footnotes":""},"categories":[83],"tags":[],"class_list":{"0":"post-21594","1":"post","2":"type-post","3":"status-publish","4":"format-standard","5":"has-post-thumbnail","7":"category-actualidad-nautica"},"jetpack_featured_media_url":"","jetpack_sharing_enabled":true,"jetpack-related-posts":[],"_links":{"self":[{"href":"https:\/\/nautica.news\/es\/wp-json\/wp\/v2\/posts\/21594","targetHints":{"allow":["GET"]}}],"collection":[{"href":"https:\/\/nautica.news\/es\/wp-json\/wp\/v2\/posts"}],"about":[{"href":"https:\/\/nautica.news\/es\/wp-json\/wp\/v2\/types\/post"}],"author":[{"embeddable":true,"href":"https:\/\/nautica.news\/es\/wp-json\/wp\/v2\/users\/1"}],"replies":[{"embeddable":true,"href":"https:\/\/nautica.news\/es\/wp-json\/wp\/v2\/comments?post=21594"}],"version-history":[{"count":0,"href":"https:\/\/nautica.news\/es\/wp-json\/wp\/v2\/posts\/21594\/revisions"}],"wp:featuredmedia":[{"embeddable":true,"href":"https:\/\/nautica.news\/es\/wp-json\/"}],"wp:attachment":[{"href":"https:\/\/nautica.news\/es\/wp-json\/wp\/v2\/media?parent=21594"}],"wp:term":[{"taxonomy":"category","embeddable":true,"href":"https:\/\/nautica.news\/es\/wp-json\/wp\/v2\/categories?post=21594"},{"taxonomy":"post_tag","embeddable":true,"href":"https:\/\/nautica.news\/es\/wp-json\/wp\/v2\/tags?post=21594"}],"curies":[{"name":"wp","href":"https:\/\/api.w.org\/{rel}","templated":true}]}}