{"id":21567,"date":"2019-10-21T18:39:50","date_gmt":"2019-10-21T21:39:50","guid":{"rendered":"http:\/\/nautic.wnpower.host\/?p=21567"},"modified":"2019-10-21T18:39:50","modified_gmt":"2019-10-21T21:39:50","slug":"xabi-fernandez-y-the-ocean-race","status":"publish","type":"post","link":"https:\/\/nautica.news\/es\/xabi-fernandez-y-the-ocean-race\/","title":{"rendered":"The Ocean Race y Xabi Fern\u00e1ndez  por la preservaci\u00f3n de los oc\u00e9anos"},"content":{"rendered":"<header>\n<h1 class=\"article-view-title\">Xabi Fern\u00e1ndez y The Ocean Race lanzan un programa para preservar la salud de los oc\u00e9anos<\/h1>\n<p><span class=\"article-view-subheader\">El doble medallista ol\u00edmpico Xabi Fern\u00e1ndez ha unido fuerzas con The Ocean Race para lanzar un programa educativo para ni\u00f1os<\/span><\/header>\n<div class=\"article-view-body \">\n<div class=\"article-view-data\">\n<div><\/div>\n<\/div>\n<p>El programa educativo de The Ocean Race ofrece una serie de estimulantes recursos para ofrecer a los escolares de 6 a 12 a\u00f1os una visi\u00f3n \u00fanica del apasionante mundo de la navegaci\u00f3n, los problemas y las medidas pr\u00e1cticas que hay que tomar para detener el flujo de pl\u00e1stico hacia nuestros mares.<\/p>\n<p>Xabi patrone\u00f3 el Team Mapfre en la \u00faltima edici\u00f3n de la regata de nueve meses, conocida como &#8216;la prueba por equipos m\u00e1s dura del deporte&#8217;, y logr\u00f3 el segundo lugar despu\u00e9s de un final a prueba de infartos. Mientras navegaba por el mundo, qued\u00f3 muy sorprendido por los niveles de contaminaci\u00f3n que afectan a nuestros mares.<\/p>\n<p>Xabi afirma: \u201cEl oc\u00e9ano es un lugar muy especial para m\u00ed y me importa mucho. Como regatista de toda la vida, he visto de primera mano el impacto que la contaminaci\u00f3n por pl\u00e1sticos est\u00e1 teniendo en los oc\u00e9anos y entiendo que todos tenemos nuestro papel al tratar de mejorar su efecto.<\/p>\n<p>\u201cA trav\u00e9s del Programa de Aprendizaje de The Ocean Race, los ni\u00f1os de toda Espa\u00f1a, da igual que vivan junto al mar o en la monta\u00f1a, pueden comprender que todos tenemos una conexi\u00f3n con el mar. El programa les brinda la oportunidad de sumergirse en sus maravillas, los problemas que afrenta y c\u00f3mo ellos y sus familias pueden ser parte de la soluci\u00f3n.\u201d<\/p>\n<figure class=\"img-left img-50\"><figcaption><\/figcaption><\/figure>\n<p>The Ocean Race, con sede en Alicante, dise\u00f1\u00f3 el programa para dar a los ni\u00f1os la oportunidad de sumergirse profundamente en el emocionante deporte de la navegaci\u00f3n, aprender sobre c\u00f3mo la contaminaci\u00f3n por pl\u00e1sticos en el oc\u00e9ano est\u00e1 da\u00f1ando nuestro planeta azul y capacitarlos para tomar medidas positivas.<\/p>\n<p>Sharmila Gandhi, subdirectora del Kings \u2019College de Alicante, utiliza los m\u00f3dulos en el aula.<\/p>\n<p>Sharmila afirma: \u201cA los ni\u00f1os les encanta la conexi\u00f3n con The Ocean Race y les resulta muy emocionante, y tambi\u00e9n ven la realidad de los barcos, que se encuentran con mucho pl\u00e1stico en nuestros oc\u00e9anos. Les gustan mucho estos m\u00f3dulos y se dan cuenta de que se trata de crear un futuro m\u00e1s sostenible.&#8221;<\/p>\n<p>Ya utilizado por m\u00e1s de 110.000 ni\u00f1os en 41 pa\u00edses, el programa consta de cinco temas: \u2018\u00bfQu\u00e9 es The Ocean Race ?\u2019; \u2018Nuestra conexi\u00f3n con el oc\u00e9ano y la contaminaci\u00f3n por pl\u00e1stico del oc\u00e9ano\u2019; \u2018\u00bfC\u00f3mo reducir la contaminaci\u00f3n del pl\u00e1stico en los oc\u00e9anos ?\u2019; \u2018Mi huella positiva con el pl\u00e1stico\u2019 y \u2018Ciencia y Navegaci\u00f3n\u2019.<\/p>\n<p>Los planes de estudio para geograf\u00eda, historia, ciencias, idioma, ciudadan\u00eda mundial y arte se abordan en las diferentes lecciones y hojas de trabajo codificadas por colores. Las diferentes actividades y juegos de clase transversales tambi\u00e9n son opcionales y se explican en la gu\u00eda del profesorado para cada tema.<\/p>\n<p>La mascota de The Ocean Race, Wisdom, basada en un albatros Laysan real que vive en el Atol\u00f3n Midway en el Oc\u00e9ano Pac\u00edfico, acompa\u00f1a a los ni\u00f1os en su viaje y los anima a convertirse en &#8216;Campeones del Mar&#8217;.<\/p>\n<figure class=\"img-left img-50\"><figcaption><\/figcaption><\/figure>\n<p>El programa de aprendizaje forma parte de &#8220;Racing with Purpose&#8221;, en colaboraci\u00f3n con el patrocinador principal 11th Hour Racing y cuenta con el respaldo del patrocinador oficial Bluewater. Abarca una amplia gama de iniciativas para tener unos mares m\u00e1s limpios y saludables, con la sostenibilidad como un valor central del evento.<\/p>\n<p>Todd McGuire, Director Gerente de 11th Hour Racing, afirm\u00f3: \u201cThe Ocean Race es una aventura humana \u00fanica, que navega por algunos de los lugares m\u00e1s remotos de la Tierra. El Programa de Aprendizaje transporta a los estudiantes fuera de sus aulas para experimentar el misterio y la complejidad del oc\u00e9ano y la vida marina, y explica el impacto que tienen las personas en la salud del oc\u00e9ano. Al igual que los regatistas, que han sido testigos de la contaminaci\u00f3n por pl\u00e1sticos en el mar y se han convertido en defensores de la sostenibilidad, creemos que estos planes de estudio inspirar\u00e1n a nuevos l\u00edderes para el oc\u00e9ano.&#8221;<\/p>\n<p>\u201cTenemos el problema de la contaminaci\u00f3n del oc\u00e9ano existente porque no entendimos las consecuencias del uso sin restricciones de los pl\u00e1sticos, pero el Programa de Aprendizaje de The Ocean Race cambiar\u00e1 eso al ayudar a la pr\u00f3xima generaci\u00f3n a cambiar comportamientos y hacer una contribuci\u00f3n significativa y positiva a la salud planetaria,&#8221; dijo Bengt Rittri, emprendedor ambiental sueco y fundador y CEO de Bluewater.<\/p>\n<p>Los recursos est\u00e1n disponibles para su descarga gratuita en:\u00a0<a href=\"https:\/\/www.theoceanrace.com\/es\/sustainability\/learning.html\" target=\"_self\" rel=\"noopener noreferrer\">https:\/\/www.theoceanrace.com\/es\/sustainability\/learning<\/a><\/p>\n<\/div>\n","protected":false},"excerpt":{"rendered":"<p>Xabi Fern\u00e1ndez y The Ocean Race lanzan un programa para preservar la salud de los oc\u00e9anos El doble medallista ol\u00edmpico Xabi Fern\u00e1ndez ha unido fuerzas con The Ocean Race para lanzar un programa educativo para ni\u00f1os El programa educativo de The Ocean Race ofrece una serie de estimulantes recursos para ofrecer a los escolares de [&hellip;]<\/p>\n","protected":false},"author":1,"featured_media":21568,"comment_status":"closed","ping_status":"closed","sticky":false,"template":"","format":"standard","meta":{"_jetpack_memberships_contains_paid_content":false,"footnotes":""},"categories":[86],"tags":[563,994],"class_list":{"0":"post-21567","1":"post","2":"type-post","3":"status-publish","4":"format-standard","5":"has-post-thumbnail","7":"category-interes","8":"tag-the-ocean-race","9":"tag-xabi-fernandez"},"jetpack_featured_media_url":"","jetpack_sharing_enabled":true,"jetpack-related-posts":[],"_links":{"self":[{"href":"https:\/\/nautica.news\/es\/wp-json\/wp\/v2\/posts\/21567","targetHints":{"allow":["GET"]}}],"collection":[{"href":"https:\/\/nautica.news\/es\/wp-json\/wp\/v2\/posts"}],"about":[{"href":"https:\/\/nautica.news\/es\/wp-json\/wp\/v2\/types\/post"}],"author":[{"embeddable":true,"href":"https:\/\/nautica.news\/es\/wp-json\/wp\/v2\/users\/1"}],"replies":[{"embeddable":true,"href":"https:\/\/nautica.news\/es\/wp-json\/wp\/v2\/comments?post=21567"}],"version-history":[{"count":0,"href":"https:\/\/nautica.news\/es\/wp-json\/wp\/v2\/posts\/21567\/revisions"}],"wp:featuredmedia":[{"embeddable":true,"href":"https:\/\/nautica.news\/es\/wp-json\/"}],"wp:attachment":[{"href":"https:\/\/nautica.news\/es\/wp-json\/wp\/v2\/media?parent=21567"}],"wp:term":[{"taxonomy":"category","embeddable":true,"href":"https:\/\/nautica.news\/es\/wp-json\/wp\/v2\/categories?post=21567"},{"taxonomy":"post_tag","embeddable":true,"href":"https:\/\/nautica.news\/es\/wp-json\/wp\/v2\/tags?post=21567"}],"curies":[{"name":"wp","href":"https:\/\/api.w.org\/{rel}","templated":true}]}}