{"id":21320,"date":"2019-10-06T09:25:40","date_gmt":"2019-10-06T12:25:40","guid":{"rendered":"http:\/\/nautic.wnpower.host\/?p=21320"},"modified":"2019-10-06T09:25:40","modified_gmt":"2019-10-06T12:25:40","slug":"mini-transat-la-boulangere-2","status":"publish","type":"post","link":"https:\/\/nautica.news\/es\/mini-transat-la-boulangere-2\/","title":{"rendered":"Mini-Transat La Boulang\u00e8re. Zarp\u00f3 por fin !!!"},"content":{"rendered":"<h2>Mini-Transat La Boulang\u00e8re.<\/h2>\n<h3>El Mini-Transat 2019 zarpa\u00a0por fin!<\/h3>\n<p>Este s\u00e1bado 5 de octubre, a las 10:38 horas, los 87 marineros que compiten en el Mini-Transat La Boulang\u00e8re zarparon desde La Rochelle en el partido de ida a Las Palmas de Gran Canaria. Aunque el evento comenz\u00f3 en condiciones muy manejables, los competidores enfrentar\u00e1n algunos obst\u00e1culos a lo largo del recorrido de 1,350 millas, comenzando con el paso inicial de un frente esta noche.<\/p>\n<p>Caminando por el muelle de Bassin des Chalutiers en La Rochelle al amanecer, apareciendo una y otra vez las frases: &#8220;\u00a1Tenemos que ponernos en marcha ahora!&#8221; Y &#8220;Vali\u00f3 la pena la espera&#8221;. Las 87 mujeres y hombres que compiten en el Mini-Transat La Boulang\u00e8re pueden haber tenido que esperar 13 d\u00edas m\u00e1s antes de zarpar de La Rochelle, pero se sintieron aliviados ante la perspectiva de comenzar en condiciones de clima templado.<\/p>\n<p>La calma antes de la tormenta<br \/>\nFue a las 10:38 horas en punto que la impresionante flota de 87 Minis zarp\u00f3 de La Rochelle. Fue un comienzo limpio para todos los corredores (sin retiros individuales) y sin incidentes t\u00e9cnicos que lamentar. El viento era muy ligero (alrededor de 5 nudos) y el avance en contra del viento hacia la marca de barlovento fue lento, lo que lo convirti\u00f3 en una navegaci\u00f3n fina y t\u00e9cnica. Los tres primeros en redondear esta marca fueron Julien Berth\u00e9l\u00e9m\u00e9 (742), Axel Tr\u00e9hin (945) y Hendrik Witzmann (920). Aunque fue un comienzo suave de la carrera, la pr\u00f3xima etapa no ser\u00e1 un picnic &#8230;<\/p>\n<p>Primer frente por rodar esta noche<br \/>\nSer\u00e1 un viaje complicado a Las Palmas de Gran Canaria y antes de que puedan pensar en viajar a toda velocidad por la costa espa\u00f1ola y portuguesa, los corredores tendr\u00e1n que lidiar con varias transiciones en el Golfo de Vizcaya. Hoy, continuar\u00e1n en un ritmo, el viento se pondr\u00e1 gradualmente al final de la tarde y hasta la noche. A primera hora de la ma\u00f1ana del domingo, es probable que los l\u00edderes tengan que lidiar con un frente rodando con un gran cambio de viento del SO al NO. En el frente y tambi\u00e9n detr\u00e1s, los chubascos pueden ser bastante violentos, lo que obligar\u00e1 a los patrones a realizar muchas maniobras, especialmente en lo que respecta a la reducci\u00f3n de su \u00e1rea de navegaci\u00f3n. Ser\u00e1 interesante evaluar la jerarqu\u00eda inicial despu\u00e9s de este primer obst\u00e1culo. Una vez que el frente se haya deslizado, los marineros podr\u00e1n cambiar a un alcance hacia el centro del Golfo de Vizcaya. En ese punto, tendr\u00e1n que lidiar con una zona sin viento de alta presi\u00f3n.<\/p>\n","protected":false},"excerpt":{"rendered":"<p>Mini-Transat La Boulang\u00e8re. El Mini-Transat 2019 zarpa\u00a0por fin! Este s\u00e1bado 5 de octubre, a las 10:38 horas, los 87 marineros que compiten en el Mini-Transat La Boulang\u00e8re zarparon desde La Rochelle en el partido de ida a Las Palmas de Gran Canaria. Aunque el evento comenz\u00f3 en condiciones muy manejables, los competidores enfrentar\u00e1n algunos obst\u00e1culos [&hellip;]<\/p>\n","protected":false},"author":1,"featured_media":21321,"comment_status":"closed","ping_status":"closed","sticky":false,"template":"","format":"standard","meta":{"_jetpack_memberships_contains_paid_content":false,"footnotes":""},"categories":[85],"tags":[933],"class_list":{"0":"post-21320","1":"post","2":"type-post","3":"status-publish","4":"format-standard","5":"has-post-thumbnail","7":"category-vela-noticias-torneos-copas","8":"tag-mini-transat"},"jetpack_featured_media_url":"","jetpack_sharing_enabled":true,"jetpack-related-posts":[],"_links":{"self":[{"href":"https:\/\/nautica.news\/es\/wp-json\/wp\/v2\/posts\/21320","targetHints":{"allow":["GET"]}}],"collection":[{"href":"https:\/\/nautica.news\/es\/wp-json\/wp\/v2\/posts"}],"about":[{"href":"https:\/\/nautica.news\/es\/wp-json\/wp\/v2\/types\/post"}],"author":[{"embeddable":true,"href":"https:\/\/nautica.news\/es\/wp-json\/wp\/v2\/users\/1"}],"replies":[{"embeddable":true,"href":"https:\/\/nautica.news\/es\/wp-json\/wp\/v2\/comments?post=21320"}],"version-history":[{"count":0,"href":"https:\/\/nautica.news\/es\/wp-json\/wp\/v2\/posts\/21320\/revisions"}],"wp:featuredmedia":[{"embeddable":true,"href":"https:\/\/nautica.news\/es\/wp-json\/"}],"wp:attachment":[{"href":"https:\/\/nautica.news\/es\/wp-json\/wp\/v2\/media?parent=21320"}],"wp:term":[{"taxonomy":"category","embeddable":true,"href":"https:\/\/nautica.news\/es\/wp-json\/wp\/v2\/categories?post=21320"},{"taxonomy":"post_tag","embeddable":true,"href":"https:\/\/nautica.news\/es\/wp-json\/wp\/v2\/tags?post=21320"}],"curies":[{"name":"wp","href":"https:\/\/api.w.org\/{rel}","templated":true}]}}