{"id":20803,"date":"2019-08-25T10:07:50","date_gmt":"2019-08-25T13:07:50","guid":{"rendered":"http:\/\/nautic.wnpower.host\/?p=20803"},"modified":"2019-08-25T10:07:50","modified_gmt":"2019-08-25T13:07:50","slug":"maxi-vera-de-miguel-galuccio","status":"publish","type":"post","link":"https:\/\/nautica.news\/es\/maxi-vera-de-miguel-galuccio\/","title":{"rendered":"El Maxi Vera de Miguel Galuccio , linea de honor en Palermo Montecarlo"},"content":{"rendered":"<div class=\"row pm-news-title\">\n<div class=\"col-sm-12 col-md-12 col-lg-12\">\n<h1 id=\"pm-detail-title\"><span>Linea de honor para el Maxi Vera, en Palermo-Montecarlo<\/span><\/h1>\n<\/div>\n<\/div>\n<div class=\"row pm-news-utility-bar\">\n<div class=\"col-sm-8 bg-color\">\n<div class=\"fb-share-button fb_iframe_widget fb_iframe_widget_fluid\" data-href=\"https:\/\/www.pressmare.it\/it\/regate\/palermo-montecarlo\/2019-08-24\/maxi-vera-line-honours-22564\" data-layout=\"button_count\"><\/div>\n<\/div>\n<\/div>\n<div class=\"row pm-news-content\">\n<div class=\"col-sm-12 col-md-12 col-lg-12\">\n<p><span>El Maxi Vera del armador argentino Miguel Galuccio, el primer barco en la l\u00ednea de meta del XV Palermo-Montecarlo: el casco de 82 &#8216;con, entre otros, la leyenda holandesa de la Volvo Ocean Race Bouwe Bekking y el campe\u00f3n ol\u00edmpico Michele Regolo , corte la l\u00ednea de meta ubicada frente a Montecarlo esta ma\u00f1ana a las 5:13, cerrando las casi 500 millas de la ruta (en la ruta directa) en dos d\u00edas, 17 horas y 13 minutos, abundantemente, debido a las condiciones del viento ligero e inestable en todo el camino, por encima del r\u00e9cord establecido en 2015 por Esimit Europa 2.\u00a0<\/span><\/p>\n<div class=\"pm-adv-intermediate p-relative\"><ins id=\"revive-0-3\" data-revive-id=\"989ea851d1cd96a22f330272a89f696f\" data-revive-zoneid=\"24\" data-revive-block=\"1\" data-revive-seq=\"3\" data-revive-loaded=\"1\"><\/p>\n<div id=\"beacon_be39723083\"><img loading=\"lazy\" decoding=\"async\" src=\"https:\/\/adv.awcloud.it\/live\/www\/delivery\/lg.php?bannerid=387&amp;campaignid=192&amp;zoneid=24&amp;source=palermo-montecarlo&amp;loc=https%3A%2F%2Fwww.pressmare.it%2Fit%2Fregate%2Fpalermo-montecarlo%2F2019-08-24%2Fmaxi-vera-line-honours-22564&amp;referer=https%3A%2F%2Fwww.pressmare.it%2F&amp;cb=be39723083\" alt=\"\" width=\"0\" height=\"0\" title=\"\"><\/div>\n<p><\/ins><\/div>\n<p><span>Con la conquista de los honores de l\u00ednea de la regata organizada por el Circolo della Vela Sicilia, Vera gan\u00f3 uno de los dos trofeos de desaf\u00edo, el Trofeo Giuseppe Tasca d&#8217;Almerita, una gran satisfacci\u00f3n para toda la tripulaci\u00f3n, en su mayor\u00eda italiana, protagonista. de una carrera casi perfecta caracterizada por elecciones t\u00e1cticas bien elegidas.<\/span><br \/>\n<span>&#8220;S\u00ed, lo hicimos bien porque al comienzo de la carrera optamos por una elecci\u00f3n estrat\u00e9gica diferente a la de los dem\u00e1s y en esas situaciones nunca se sabe si tom\u00f3 la decisi\u00f3n correcta o no&#8221;, dice Bouwe Bekking, el campe\u00f3n del mar con activos. bien 8 vueltas del mundo en tripulaci\u00f3n. &#8220;Hemos recorrido m\u00e1s millas, pero la opci\u00f3n ha valido la pena al final, la tripulaci\u00f3n funcion\u00f3 muy bien y estamos realmente satisfechos con el resultado que nos permiti\u00f3 cruzar primero la l\u00ednea de meta. Palermo-Montecarlo es una carrera excelente, perfectamente organizada , con un curso espectacular y desafiante: era mi primera vez y estoy feliz de estar all\u00ed &#8220;.<\/span><\/p>\n<p><span>Despu\u00e9s de Vera, el segundo casco en la l\u00ednea de meta en Montecarlo fue el 72 &#8216;Arag\u00f3n de Arco Van Nieuwland y Andries Verder, quienes cortaron la l\u00ednea a las 14.00, seguido por el Maxi de 70&#8217; Adelasia de Torres por Renato Azara a las 2.03 pm a bordo de Lorenzo Bodini), a las 14:05 del IRC 52 franc\u00e9s Arobas de G\u00e9rard Logel (a bordo del famoso navegante transalpino Eric Drouglazet) y a las 14:34 del Volvo 65 Estonian Ambersail2 de Linas Ivanauskas.<\/span><\/p>\n<\/div>\n<\/div>\n","protected":false},"excerpt":{"rendered":"<p>Linea de honor para el Maxi Vera, en Palermo-Montecarlo El Maxi Vera del armador argentino Miguel Galuccio, el primer barco en la l\u00ednea de meta del XV Palermo-Montecarlo: el casco de 82 &#8216;con, entre otros, la leyenda holandesa de la Volvo Ocean Race Bouwe Bekking y el campe\u00f3n ol\u00edmpico Michele Regolo , corte la l\u00ednea [&hellip;]<\/p>\n","protected":false},"author":1,"featured_media":20804,"comment_status":"closed","ping_status":"closed","sticky":false,"template":"","format":"standard","meta":{"_jetpack_memberships_contains_paid_content":false,"footnotes":""},"categories":[85],"tags":[908,902],"class_list":{"0":"post-20803","1":"post","2":"type-post","3":"status-publish","4":"format-standard","5":"has-post-thumbnail","7":"category-vela-noticias-torneos-copas","8":"tag-maxi-vera","9":"tag-miguel-galuccio"},"jetpack_featured_media_url":"","jetpack_sharing_enabled":true,"jetpack-related-posts":[],"_links":{"self":[{"href":"https:\/\/nautica.news\/es\/wp-json\/wp\/v2\/posts\/20803","targetHints":{"allow":["GET"]}}],"collection":[{"href":"https:\/\/nautica.news\/es\/wp-json\/wp\/v2\/posts"}],"about":[{"href":"https:\/\/nautica.news\/es\/wp-json\/wp\/v2\/types\/post"}],"author":[{"embeddable":true,"href":"https:\/\/nautica.news\/es\/wp-json\/wp\/v2\/users\/1"}],"replies":[{"embeddable":true,"href":"https:\/\/nautica.news\/es\/wp-json\/wp\/v2\/comments?post=20803"}],"version-history":[{"count":0,"href":"https:\/\/nautica.news\/es\/wp-json\/wp\/v2\/posts\/20803\/revisions"}],"wp:featuredmedia":[{"embeddable":true,"href":"https:\/\/nautica.news\/es\/wp-json\/"}],"wp:attachment":[{"href":"https:\/\/nautica.news\/es\/wp-json\/wp\/v2\/media?parent=20803"}],"wp:term":[{"taxonomy":"category","embeddable":true,"href":"https:\/\/nautica.news\/es\/wp-json\/wp\/v2\/categories?post=20803"},{"taxonomy":"post_tag","embeddable":true,"href":"https:\/\/nautica.news\/es\/wp-json\/wp\/v2\/tags?post=20803"}],"curies":[{"name":"wp","href":"https:\/\/api.w.org\/{rel}","templated":true}]}}