{"id":20435,"date":"2019-08-07T18:15:57","date_gmt":"2019-08-07T21:15:57","guid":{"rendered":"http:\/\/nautic.wnpower.host\/?p=20435"},"modified":"2019-08-07T18:15:57","modified_gmt":"2019-08-07T21:15:57","slug":"mundial-de-cadet","status":"publish","type":"post","link":"https:\/\/nautica.news\/es\/mundial-de-cadet\/","title":{"rendered":"Mundial de Cadet en Polonia. Triunfo de argentinos"},"content":{"rendered":"<header class=\"entry-header\">\n<h1 class=\"entry-title\">Mundial de Cadet , Polonia. Triunfo de los argentinos Julian Finsterbusch y Franco Barone del Club de Veleros San Isidro.<\/h1>\n<div class=\"comments-link\"><\/div>\n<\/header>\n<div class=\"entry-content\">\n<p><strong>EL CLUB DE VELEROS SAN ISIDRO RECIBE Y HOMENAJEA A SUS CAMPEONES<\/strong><\/p>\n<p>El s\u00e1bado 10 de Agosto a las 11:00hs recibir\u00e1n a los \u00a0Campeones Mundiales Juli\u00e1n Finsterbusch &amp; Franco Barone que disputaron el t\u00edtulo entre 127 equipos de 12 naciones en Krynica Morska, Polonia.<\/p>\n<p>El Equipo Argentino de Cadet que represent\u00f3 al CVSI obtuvo adem\u00e1s el primer puesto en el Nacional Polaco para menores de 14 a\u00f1os con la dupla Mat\u00edas Finsterbusch, que vivi\u00f3 su primer mundial como timonel, junto a Gonzalo Rodolfi como tripulante.<\/p>\n<p>Pueden enviarles felicitaciones v\u00eda Instagram @clubdevelerossanisidro<\/p>\n<p>El Club de Veleros San Isidro hace historia en el yachting internacional: siendo el segundo a\u00f1o consecutivo en el que una tripulaci\u00f3n nacida y entrenada en el Club es Campeon Mundial!!!!<\/p>\n<p>Club de Veleros San Isidro: Campe\u00f3n y Sub Campe\u00f3n mundial de la Clase Cadet por segundo a\u00f1o consecutivo!<\/p>\n<p>www.cvsi.org.ar<br \/>\nEscuela@cvsi.org.ar<br \/>\n@clubdevelerossanisidro<\/p>\n<\/div>\n","protected":false},"excerpt":{"rendered":"<p>Mundial de Cadet , Polonia. Triunfo de los argentinos Julian Finsterbusch y Franco Barone del Club de Veleros San Isidro. EL CLUB DE VELEROS SAN ISIDRO RECIBE Y HOMENAJEA A SUS CAMPEONES El s\u00e1bado 10 de Agosto a las 11:00hs recibir\u00e1n a los \u00a0Campeones Mundiales Juli\u00e1n Finsterbusch &amp; Franco Barone que disputaron el t\u00edtulo entre [&hellip;]<\/p>\n","protected":false},"author":1,"featured_media":20437,"comment_status":"closed","ping_status":"closed","sticky":false,"template":"","format":"standard","meta":{"_jetpack_memberships_contains_paid_content":false,"footnotes":""},"categories":[83],"tags":[219],"class_list":{"0":"post-20435","1":"post","2":"type-post","3":"status-publish","4":"format-standard","5":"has-post-thumbnail","7":"category-actualidad-nautica","8":"tag-cadet"},"jetpack_featured_media_url":"","jetpack_sharing_enabled":true,"jetpack-related-posts":[],"_links":{"self":[{"href":"https:\/\/nautica.news\/es\/wp-json\/wp\/v2\/posts\/20435","targetHints":{"allow":["GET"]}}],"collection":[{"href":"https:\/\/nautica.news\/es\/wp-json\/wp\/v2\/posts"}],"about":[{"href":"https:\/\/nautica.news\/es\/wp-json\/wp\/v2\/types\/post"}],"author":[{"embeddable":true,"href":"https:\/\/nautica.news\/es\/wp-json\/wp\/v2\/users\/1"}],"replies":[{"embeddable":true,"href":"https:\/\/nautica.news\/es\/wp-json\/wp\/v2\/comments?post=20435"}],"version-history":[{"count":0,"href":"https:\/\/nautica.news\/es\/wp-json\/wp\/v2\/posts\/20435\/revisions"}],"wp:featuredmedia":[{"embeddable":true,"href":"https:\/\/nautica.news\/es\/wp-json\/"}],"wp:attachment":[{"href":"https:\/\/nautica.news\/es\/wp-json\/wp\/v2\/media?parent=20435"}],"wp:term":[{"taxonomy":"category","embeddable":true,"href":"https:\/\/nautica.news\/es\/wp-json\/wp\/v2\/categories?post=20435"},{"taxonomy":"post_tag","embeddable":true,"href":"https:\/\/nautica.news\/es\/wp-json\/wp\/v2\/tags?post=20435"}],"curies":[{"name":"wp","href":"https:\/\/api.w.org\/{rel}","templated":true}]}}