{"id":19856,"date":"2019-06-27T09:27:32","date_gmt":"2019-06-27T12:27:32","guid":{"rendered":"http:\/\/nautic.wnpower.host\/?p=19856"},"modified":"2019-06-27T09:27:32","modified_gmt":"2019-06-27T12:27:32","slug":"rio-de-la-plata","status":"publish","type":"post","link":"https:\/\/nautica.news\/es\/rio-de-la-plata\/","title":{"rendered":"El d\u00eda que desapareci\u00f3 el R\u00edo de la Plata"},"content":{"rendered":"<h2 class=\"titulo\">El d\u00eda que el R\u00edo de la Plata desapareci\u00f3 en 1792<\/h2>\n<h3 id=\"cuerpo\" class=\"floatFix\"><strong>R\u00edo de La Plata\u00a0<\/strong><\/h3>\n<section><\/section>\n<section class=\"floatFix\">\n<p class=\"capital\">El viernes 29 de mayo de 1792 ocurri\u00f3 en el\u00a0<b>R\u00edo de la Plata<\/b>\u00a0uno de los fen\u00f3menos meteorol\u00f3gicos m\u00e1s extra\u00f1os.<\/p>\n<p class=\"capital\">En un d\u00eda apacible sin nubes, un viento Pampero sopl\u00f3 todo con intensidad todo el d\u00eda.<\/p>\n<p class=\"capital\">Fue tanta la violencia del viento, que \u00a0modific\u00f3 las actividades de Buenos Aires. \u00a0El Pampero sopl\u00f3 toda la noche y a la ma\u00f1ana siguiente volvi\u00f3 la calma.<\/p>\n<p class=\"capital\">Ah\u00ed descubrieron que el inmenso <b>R\u00edo de la Plata<\/b>, hab\u00eda desaparecido.<\/p>\n<p>Restos de barcos hundidos y algunos charcos en el horizonte era todo lo que ofrec\u00eda a la vista en el \u00a0extenso lodazal.<\/p>\n<p>El 30 de mayo de 1792, sin se\u00f1ales del r\u00edo, Herrera y Berazategui, a la altura de Quilmes optaron por dirigirse hacia el este. Luego de varios minutos alcanzaron una peque\u00f1a corriente y cruzandola siguieron hacia Uruguay, con apenas algo m\u00e1s que un metro de agua. M\u00e1s adelante, y con Colonia del Sacramento ya tomando \u00a0forma ante sus ojos, se toparon con una correntada importante. Y ahi\u00a0divisan una caballo que avanzaba \u00a0desde el otro lado, luchando contra la corriente.<\/p>\n<p>Herrera, Balenzategui y el uruguayo, los \u00fanicos tres jinetes en la historia que se reunieron en el medio del cauce del <b>R\u00edo de la Plata<\/b>, regresaron a Buenos Aires. Iban al trote, pero notaron que cada vez habia m\u00e1s agua. El r\u00edo reaparec\u00eda y se les ven\u00eda encima. En sus caballos y exhaustos, alcanzaron la costa de Quilmes, cuando el r\u00edo ya les mojaba las botas.<\/p>\n<p>El <b>R\u00edo de la Plata<\/b> volvi\u00f3 a estar donde todos esperaban que estuviera.<\/p>\n<\/section>\n","protected":false},"excerpt":{"rendered":"<p>El d\u00eda que el R\u00edo de la Plata desapareci\u00f3 en 1792 R\u00edo de La Plata\u00a0 El viernes 29 de mayo de 1792 ocurri\u00f3 en el\u00a0R\u00edo de la Plata\u00a0uno de los fen\u00f3menos meteorol\u00f3gicos m\u00e1s extra\u00f1os. En un d\u00eda apacible sin nubes, un viento Pampero sopl\u00f3 todo con intensidad todo el d\u00eda. Fue tanta la violencia del [&hellip;]<\/p>\n","protected":false},"author":1,"featured_media":19858,"comment_status":"closed","ping_status":"closed","sticky":false,"template":"","format":"standard","meta":{"_jetpack_memberships_contains_paid_content":false,"footnotes":""},"categories":[86],"tags":[228,396],"class_list":{"0":"post-19856","1":"post","2":"type-post","3":"status-publish","4":"format-standard","5":"has-post-thumbnail","7":"category-interes","8":"tag-bajante","9":"tag-rio-de-la-plata"},"jetpack_featured_media_url":"","jetpack_sharing_enabled":true,"jetpack-related-posts":[],"_links":{"self":[{"href":"https:\/\/nautica.news\/es\/wp-json\/wp\/v2\/posts\/19856","targetHints":{"allow":["GET"]}}],"collection":[{"href":"https:\/\/nautica.news\/es\/wp-json\/wp\/v2\/posts"}],"about":[{"href":"https:\/\/nautica.news\/es\/wp-json\/wp\/v2\/types\/post"}],"author":[{"embeddable":true,"href":"https:\/\/nautica.news\/es\/wp-json\/wp\/v2\/users\/1"}],"replies":[{"embeddable":true,"href":"https:\/\/nautica.news\/es\/wp-json\/wp\/v2\/comments?post=19856"}],"version-history":[{"count":0,"href":"https:\/\/nautica.news\/es\/wp-json\/wp\/v2\/posts\/19856\/revisions"}],"wp:featuredmedia":[{"embeddable":true,"href":"https:\/\/nautica.news\/es\/wp-json\/"}],"wp:attachment":[{"href":"https:\/\/nautica.news\/es\/wp-json\/wp\/v2\/media?parent=19856"}],"wp:term":[{"taxonomy":"category","embeddable":true,"href":"https:\/\/nautica.news\/es\/wp-json\/wp\/v2\/categories?post=19856"},{"taxonomy":"post_tag","embeddable":true,"href":"https:\/\/nautica.news\/es\/wp-json\/wp\/v2\/tags?post=19856"}],"curies":[{"name":"wp","href":"https:\/\/api.w.org\/{rel}","templated":true}]}}