{"id":19712,"date":"2019-06-17T17:51:39","date_gmt":"2019-06-17T20:51:39","guid":{"rendered":"http:\/\/nautic.wnpower.host\/?p=19712"},"modified":"2019-06-17T17:51:39","modified_gmt":"2019-06-17T20:51:39","slug":"alerta-meteorologico","status":"publish","type":"post","link":"https:\/\/nautica.news\/es\/alerta-meteorologico\/","title":{"rendered":"Contin\u00faa el alerta meteorol\u00f3gico. Hasta cu\u00e1ndo siguen las lluvias?"},"content":{"rendered":"<div class=\"hat\">PRON\u00d3STICO DEL TIEMPO<\/div>\n<h1>Contin\u00faa el alerta meteorol\u00f3gico .<\/h1>\n<h1>\u00bfhasta cu\u00e1ndo siguen las lluvias?<\/h1>\n<h1><strong><a href=\"http:\/\/https:\/\/nautispots.com\/tiempo\">Tiempo<\/a><\/strong><\/h1>\n<p class=\"headline\">El mal tiempo se mantiene durante este lunes 17 de junio en Capital Federal, el Gran Buenos Aires, Santa Fe y Entre R\u00edos.<\/p>\n<div class=\"body\">\n<p>El domingo 16 de junio fue una jornada marcada por intensas lluvias, que se manifestaron tambi\u00e9n durante la semana anterior.<\/p>\n<p>El Servicio Meteorol\u00f3gico Nacional (SMN) volvi\u00f3 a emitir una alerta\u00a0para este lunes 17 de junio por la posible continuidad de <strong>lluvias\u00a0intensas\u00a0y tormentas <\/strong>en la Ciudad de Buenos Aires y su conurbano, las provincias de Santa Fe y Entre R\u00edos, y el R\u00edo de la plata.<\/p>\n<p>Durante la ma\u00f1ana\u00a0el\u00a0cielo de\u00a0la Capital Federal continuaba cubierto, con llovizna y con una temperatura de entre 15 y 18 grados cent\u00edgrados, que empezar\u00e1 a descender con la llegada del viento del sur y sudeste. Seg\u00fan el SMN,<strong> el martes mejorar\u00e1 el tiempo<\/strong> cuando empiece a soplar viento del oeste.<\/p>\n<\/div>\n","protected":false},"excerpt":{"rendered":"<p>PRON\u00d3STICO DEL TIEMPO Contin\u00faa el alerta meteorol\u00f3gico . \u00bfhasta cu\u00e1ndo siguen las lluvias? Tiempo El mal tiempo se mantiene durante este lunes 17 de junio en Capital Federal, el Gran Buenos Aires, Santa Fe y Entre R\u00edos. El domingo 16 de junio fue una jornada marcada por intensas lluvias, que se manifestaron tambi\u00e9n durante la [&hellip;]<\/p>\n","protected":false},"author":1,"featured_media":19713,"comment_status":"closed","ping_status":"closed","sticky":false,"template":"","format":"standard","meta":{"_jetpack_memberships_contains_paid_content":false,"footnotes":""},"categories":[120],"tags":[178],"class_list":{"0":"post-19712","1":"post","2":"type-post","3":"status-publish","4":"format-standard","5":"has-post-thumbnail","7":"category-clima","8":"tag-alerta-meteorologico"},"jetpack_featured_media_url":"","jetpack_sharing_enabled":true,"jetpack-related-posts":[],"_links":{"self":[{"href":"https:\/\/nautica.news\/es\/wp-json\/wp\/v2\/posts\/19712","targetHints":{"allow":["GET"]}}],"collection":[{"href":"https:\/\/nautica.news\/es\/wp-json\/wp\/v2\/posts"}],"about":[{"href":"https:\/\/nautica.news\/es\/wp-json\/wp\/v2\/types\/post"}],"author":[{"embeddable":true,"href":"https:\/\/nautica.news\/es\/wp-json\/wp\/v2\/users\/1"}],"replies":[{"embeddable":true,"href":"https:\/\/nautica.news\/es\/wp-json\/wp\/v2\/comments?post=19712"}],"version-history":[{"count":0,"href":"https:\/\/nautica.news\/es\/wp-json\/wp\/v2\/posts\/19712\/revisions"}],"wp:featuredmedia":[{"embeddable":true,"href":"https:\/\/nautica.news\/es\/wp-json\/"}],"wp:attachment":[{"href":"https:\/\/nautica.news\/es\/wp-json\/wp\/v2\/media?parent=19712"}],"wp:term":[{"taxonomy":"category","embeddable":true,"href":"https:\/\/nautica.news\/es\/wp-json\/wp\/v2\/categories?post=19712"},{"taxonomy":"post_tag","embeddable":true,"href":"https:\/\/nautica.news\/es\/wp-json\/wp\/v2\/tags?post=19712"}],"curies":[{"name":"wp","href":"https:\/\/api.w.org\/{rel}","templated":true}]}}