{"id":19594,"date":"2019-06-05T20:07:06","date_gmt":"2019-06-05T23:07:06","guid":{"rendered":"http:\/\/nautic.wnpower.host\/?p=19594"},"modified":"2019-06-05T20:07:06","modified_gmt":"2019-06-05T23:07:06","slug":"copa-del-rey-2","status":"publish","type":"post","link":"https:\/\/nautica.news\/es\/copa-del-rey-2\/","title":{"rendered":"Se present\u00f3 la 38 Copa del Rey MAPFRE"},"content":{"rendered":"<div class=\"hidden-xs\">\n<h1>38 Copa del Rey MAPFRE<\/h1>\n<\/div>\n<div class=\"row col-lg-12 col-md-12 col-sm-12 col-xs-12\">\n<p><strong>Se present\u00f3 oficialmente la 38\u00aa edici\u00f3n de la regata Copa del Rey, que se disputar\u00e1 del 27 de julio al 3 de agosto. <\/strong><\/p>\n<p>Por cuarto a\u00f1o consecutivo Madrid ha acogido el inicio oficial de la cuenta atr\u00e1s para la celebraci\u00f3n de una de las regatas m\u00e1s importantes del Mediterr\u00e1neo y cita ineludible del verano mallorqu\u00edn: la Copa del Rey MAPFRE.<\/p>\n<p>En la pasada edici\u00f3n, la Copa del Rey MAPFRE bati\u00f3 su r\u00e9cord de participaci\u00f3n, con los pantalanes del Real Club N\u00e1utico de Palma a su 110% de capacidad al reunir una multitudinaria flota de 152 barcos distribuidos en 13 clases y compitiendo en cinco \u00e1reas de regatas.<\/p>\n<div class=\"row col-lg-12 col-md-12 col-sm-12 col-xs-12\">\n<p>As\u00ed, entre las novedades de este a\u00f1o destaca especialmente la inclusi\u00f3n de una clase \u00edntegramente femenina, por lo que por primera vez se asegura que habr\u00e1 una tripulaci\u00f3n femenina campeona de la Copa del Rey MAPFRE. Otra de las grandes novedades es el <a href=\"http:\/\/www.regatacopadelrey.com\/noticias\/noticia_ampliada.php?ln=sp&amp;id=400&amp;regreso=2&amp;_pagi_pg=\" rel=\"noopener\">nuevo sistema de clasificaci\u00f3n<\/a>, con el que la emoci\u00f3n estar\u00e1 servida hasta el \u00faltimo d\u00eda.<\/p>\n<p>Hasta la fecha, y a falta de confirmarse la cifra definitiva el 28 julio, hay ya 138\u00a0barcos pre-inscritos que representar\u00e1n a un total de 25 pa\u00edses como por ejemplo Estados Unidos, Holanda, Suiza, Polonia, Suecia, Finlandia, Noruega, Alemania, Per\u00fa, Ecuador, Chile, Rusia,\u00a0Argentina, Turqu\u00eda, Estonia, Portugal, y por supuesto Espa\u00f1a.<\/p>\n<p>En el campo de regatas, 11 clases entre las que no faltar\u00e1n las de los monotipos ClubSwan 50, Swan 45, ClubSwan 42 y Herbalife J80, ni las flotas de tiempo compensado de las clases Mallorca Sotheby\u2019s IRC y BMW ORC, adem\u00e1s de los catamaranes voladores GC32 y la clase \u00edntegramente femenina Purobeach Women\u2019s Cup.<\/p>\n<p>&nbsp;<\/p>\n<\/div>\n<div class=\"row col-lg-12 col-md-12 col-sm-12 col-xs-12 hidden-xs\">\n<hr \/>\n<\/div>\n<\/div>\n","protected":false},"excerpt":{"rendered":"<p>38 Copa del Rey MAPFRE Se present\u00f3 oficialmente la 38\u00aa edici\u00f3n de la regata Copa del Rey, que se disputar\u00e1 del 27 de julio al 3 de agosto. Por cuarto a\u00f1o consecutivo Madrid ha acogido el inicio oficial de la cuenta atr\u00e1s para la celebraci\u00f3n de una de las regatas m\u00e1s importantes del Mediterr\u00e1neo y [&hellip;]<\/p>\n","protected":false},"author":1,"featured_media":19595,"comment_status":"closed","ping_status":"closed","sticky":false,"template":"","format":"standard","meta":{"_jetpack_memberships_contains_paid_content":false,"footnotes":""},"categories":[85],"tags":[164],"class_list":{"0":"post-19594","1":"post","2":"type-post","3":"status-publish","4":"format-standard","5":"has-post-thumbnail","7":"category-vela-noticias-torneos-copas","8":"tag-copa-del-rey"},"jetpack_featured_media_url":"","jetpack_sharing_enabled":true,"jetpack-related-posts":[],"_links":{"self":[{"href":"https:\/\/nautica.news\/es\/wp-json\/wp\/v2\/posts\/19594","targetHints":{"allow":["GET"]}}],"collection":[{"href":"https:\/\/nautica.news\/es\/wp-json\/wp\/v2\/posts"}],"about":[{"href":"https:\/\/nautica.news\/es\/wp-json\/wp\/v2\/types\/post"}],"author":[{"embeddable":true,"href":"https:\/\/nautica.news\/es\/wp-json\/wp\/v2\/users\/1"}],"replies":[{"embeddable":true,"href":"https:\/\/nautica.news\/es\/wp-json\/wp\/v2\/comments?post=19594"}],"version-history":[{"count":0,"href":"https:\/\/nautica.news\/es\/wp-json\/wp\/v2\/posts\/19594\/revisions"}],"wp:featuredmedia":[{"embeddable":true,"href":"https:\/\/nautica.news\/es\/wp-json\/"}],"wp:attachment":[{"href":"https:\/\/nautica.news\/es\/wp-json\/wp\/v2\/media?parent=19594"}],"wp:term":[{"taxonomy":"category","embeddable":true,"href":"https:\/\/nautica.news\/es\/wp-json\/wp\/v2\/categories?post=19594"},{"taxonomy":"post_tag","embeddable":true,"href":"https:\/\/nautica.news\/es\/wp-json\/wp\/v2\/tags?post=19594"}],"curies":[{"name":"wp","href":"https:\/\/api.w.org\/{rel}","templated":true}]}}