{"id":19588,"date":"2019-06-05T19:39:30","date_gmt":"2019-06-05T22:39:30","guid":{"rendered":"http:\/\/nautic.wnpower.host\/?p=19588"},"modified":"2019-06-05T19:39:30","modified_gmt":"2019-06-05T22:39:30","slug":"regata-straitchallenge","status":"publish","type":"post","link":"https:\/\/nautica.news\/es\/regata-straitchallenge\/","title":{"rendered":"El desaf\u00edo de Gibraltar. VI Regata Straitchallenge"},"content":{"rendered":"<div class=\"td-pb-row\">\n<div class=\"td-pb-span12\">\n<div class=\"td-post-header\">\n<header class=\"td-post-title\">\n<h1 class=\"entry-title\">Straitchallenge: El reto del a\u00f1o en el Estrecho de Gibraltar<\/h1>\n<p class=\"td-post-sub-title\">El recorrido por el estrecho unir\u00e1 los puertos de Algeciras, Tarifa y Ceuta<\/p>\n<div class=\"td-module-meta-info\">\n<div class=\"td-post-author-name\">\n<div class=\"td-author-by\">Por<\/div>\n<p><a href=\"http:\/\/jaumesoler.net\/author\/admin\/\" rel=\"noopener\">Jaume Soler<\/a><\/p>\n<div><\/div>\n<div><\/div>\n<p>Este pr\u00f3ximo s\u00e1bado sonar\u00e1 el bocinazo de salida para la <strong><em>VI Regata Straitchallenge.<\/em><\/strong><\/p>\n<p>Su recorrido <strong>Algeciras-Tarifa-Ceuta <\/strong>la convierte en una regata \u00fanica a su paso por El Estrecho de Gibraltar, pero antes de adentrarse en uno de los lugares de mayor inter\u00e9s oceanogr\u00e1fico del planeta y complejidad para la navegaci\u00f3n, la flota recorrer\u00e1 un paisaje de extraordinario valor biol\u00f3gico y belleza que hacen de la navegaci\u00f3n una experiencia \u00fanica, tambi\u00e9n por sus complicaciones.<\/p>\n<\/div>\n<\/div>\n<\/header>\n<\/div>\n<\/div>\n<\/div>\n<div class=\"td-pb-row\">\n<div class=\"td-pb-span8 td-main-content\" role=\"main\">\n<div class=\"td-ss-main-content\">\n<div class=\"td-post-content\">\n<p>Los barcos partir\u00e1n desde los amarres del <strong>RCN de Algeciras<\/strong>para dirigirse a la l\u00ednea de salida en la <strong>Ensenada de Getares<\/strong>. Situada en la bah\u00eda algecire\u00f1a entre la <strong>punta de San Garc\u00eda<\/strong> y la <strong>punta del Carnero<\/strong>, su franja costera est\u00e1 delimitada por acantilados y ocupada por una playa de arena muy fina, procedente principalmente de las aportaciones de los numerosos arroyos estacionales que desembocan en la zona y en particular del\u00a0r\u00edo P\u00edcaro\u00a0que form\u00f3 en el pasado una\u00a0marisma\u00a0y una flecha dunar. Los fondos marinos son arenosos debido a las corrientes submarinas que llegan a la costa perpendicularmente, y sus aguas pasan por ser las m\u00e1s ricas en cuanto a\u00a0flora\u00a0y\u00a0fauna\u00a0de toda la <strong>bah\u00eda de Algeciras.<\/strong><\/p>\n<p>Ya en regata, la flota recorrer\u00e1 el <strong>Parque Natural del Estrecho<\/strong>, espacio de una riqueza natural de gran singularidad. Marcado por las duras condiciones clim\u00e1ticas de la zona y el paso de civilizaciones desde tiempos remotos, cobija una flora y fauna muy adaptadas, fruto de la convergencia de \u00e1reas naturales muy distintas. Esta diversidad se refleja en un importante recurso, el paisaje, encontr\u00e1ndose acantilados y plataformas de abrasi\u00f3n a un lado de Tarifa y playas arenosas por el otro.<\/p>\n<p>Y ser\u00e1 <strong>Tarifa <\/strong>otro punto estrat\u00e9gico de la regata donde la organizaci\u00f3n dispone el paso por una baliza situada frente al camping Torre de la Pe\u00f1a para que a nadie le pase desapercibida esta ciudad cargada de patrimonio hist\u00f3rico y cultural, situada a siete\u00a0metros sobre el nivel del mar. Dentro del n\u00facleo de poblaci\u00f3n principal se encuentra el punto m\u00e1s meridional de la\u00a0pen\u00ednsula ib\u00e9rica, la\u00a0<strong>punta de Tarifa\u00a0<\/strong>o \u00abMarroqu\u00ed\u00bb, accidente geogr\u00e1fico que se sit\u00faa en la\u00a0<strong>isla de Las Palomas<\/strong>. El cabo o Punta de Tarifa sirve adem\u00e1s de divisoria a las aguas del\u00a0<strong>Mar Mediterr\u00e1neo<\/strong>\u00a0y del<strong>\u00a0Oc\u00e9ano Atl\u00e1ntico<\/strong>, que se cruzan justo enfrente de la propia ciudad. Est\u00e1 situada en la parte m\u00e1s angosta del <strong>Estrecho de Gibraltar<\/strong>, a una distancia m\u00ednima de 14 kil\u00f3metros de las costas marroqu\u00edes, lo que la convierte en la ciudad europea m\u00e1s cercana al continente africano.<\/p>\n<p>El punto clave de la regata ser\u00e1 el <strong>Estrecho de Gibraltar<\/strong>desaf\u00edo de navegantes por las consecuencias naturales de ser punto de confluencia de tres mares (Atl\u00e1ntico, Albor\u00e1n y Mediterr\u00e1neo), dos continentes y dos mundos biol\u00f3gicamente muy distintos; el norte y el sur. El Estrecho de Gibraltar es una encrucijada global, presenta fen\u00f3menos f\u00edsicos \u00fanicos en el planeta y funciona como v\u00e1lvula de regulaci\u00f3n del clima a nivel planetario por el intercambio de aguas impresionante y simult\u00e1neo. El atl\u00e1ntico (con agua m\u00e1s caliente y menos salada) entra permanentemente por una capa superficial hasta el <strong>Mediterr\u00e1neo<\/strong>, y este saca al mismo tiempo por debajo agua fr\u00eda y muy salada hacia el Atl\u00e1ntico. El agua salada y fr\u00eda que sale del mediterr\u00e1neo cada momento aflora en el norte de Europa, de ah\u00ed que el Estrecho de Gibraltar determine el clima que hace en el norte de Europa.<\/p>\n<p>Se trata de uno de los puntos estrat\u00e9gicos para la migraci\u00f3n de aves en tanto en cuanto conecta <strong>Europa y \u00c1frica<\/strong>. Cada a\u00f1o pueden verse m\u00e1s de 600.00 aves en paso migratorio y es el \u00fanico lugar de paso para las aves planeadoras de excepcional belleza como buitres o \u00e1guilas. Es tambi\u00e9n un extraordinario corredor para los peces, tambi\u00e9n migran angulas, tortugas, o atunes, de ah\u00ed que desde hace millones de a\u00f1os el ser humano establece a ambas orillas las famosas almadrabas.<\/p>\n<p>Y despu\u00e9s de m\u00e1s de cuarenta millas de traves\u00eda en regata, el destino final ser\u00e1 la ciudad aut\u00f3noma de <strong>Ceuta. <\/strong>La llegada frente a <strong>San Amaro<\/strong>, entre <strong>Punta Almina<\/strong> y el puerto deportivo <strong>Marina H\u00e9rcules<\/strong> ser\u00e1 el final de la regata y el lugar donde disfrutar de una ciudad que se vuelca para recibir a los navegantes.<\/p>\n<p>Ceuta se sit\u00faa en la\u00a0pen\u00ednsula <strong>Tingitana<\/strong>, en la orilla\u00a0africana\u00a0del\u00a0Estrecho, en la desembocadura oriental del mismo. A su vez, contiene una peque\u00f1a pen\u00ednsula conocida como\u00a0<strong>Almina<\/strong>. Est\u00e1 rodeada por el norte, este y sur por el\u00a0mar Mediterr\u00e1neo y al oeste y suroeste limita con una zona neutral que la separa de\u00a0<strong>Marruecos<\/strong>, concretamente de las\u00a0prefecturas\u00a0de\u00a0<strong>Fahs Anjra\u00a0y\u00a0M\u2019Diq-Fnideq<\/strong>, ambas pertenecientes a la regi\u00f3n\u00a0<strong>T\u00e1nger-Tetu\u00e1n.<\/strong> Gracias a su situaci\u00f3n estrat\u00e9gica, el\u00a0puerto de Ceuta\u00a0tiene un importante papel en el paso del Estrecho, as\u00ed como en las comunicaciones entre el\u00a0mar Mediterr\u00e1neo\u00a0y el\u00a0oc\u00e9ano Atl\u00e1ntico.<\/p>\n<p>La <strong><em>VI Regata Straitchallenge<\/em><\/strong> que por tercer a\u00f1o consecutivo es Memorial Joseba Eguidazu en homenaje a uno de sus principales promotores y persona muy querida y a\u00f1orada por la flota, est\u00e1 organizada por el <strong>RCN de Algeciras<\/strong>, l<strong>a Federaci\u00f3n de Vela de Ceuta, el Club de Vela Vendaval, Turismo de Ceuta\/Ceuta S\u00ed, el Instituto ceut\u00ed de Deporte y Active Sea,<\/strong> y cuenta con la colaboraci\u00f3n de la <strong>Autoridad Portuaria Bah\u00eda de Algeciras y Pr\u00e1cticos de Algeciras, el puerto de Ceuta Marina H\u00e9rcules, el Parque Mediterr\u00e1neo y Tactic Audiovisual.<\/strong><\/p>\n<\/div>\n<\/div>\n<\/div>\n<\/div>\n","protected":false},"excerpt":{"rendered":"<p>Straitchallenge: El reto del a\u00f1o en el Estrecho de Gibraltar El recorrido por el estrecho unir\u00e1 los puertos de Algeciras, Tarifa y Ceuta Por Jaume Soler Este pr\u00f3ximo s\u00e1bado sonar\u00e1 el bocinazo de salida para la VI Regata Straitchallenge. Su recorrido Algeciras-Tarifa-Ceuta la convierte en una regata \u00fanica a su paso por El Estrecho de [&hellip;]<\/p>\n","protected":false},"author":1,"featured_media":19589,"comment_status":"closed","ping_status":"closed","sticky":false,"template":"","format":"standard","meta":{"_jetpack_memberships_contains_paid_content":false,"footnotes":""},"categories":[85],"tags":[708],"class_list":{"0":"post-19588","1":"post","2":"type-post","3":"status-publish","4":"format-standard","5":"has-post-thumbnail","7":"category-vela-noticias-torneos-copas","8":"tag-regata-straitchallenge"},"jetpack_featured_media_url":"","jetpack_sharing_enabled":true,"jetpack-related-posts":[],"_links":{"self":[{"href":"https:\/\/nautica.news\/es\/wp-json\/wp\/v2\/posts\/19588","targetHints":{"allow":["GET"]}}],"collection":[{"href":"https:\/\/nautica.news\/es\/wp-json\/wp\/v2\/posts"}],"about":[{"href":"https:\/\/nautica.news\/es\/wp-json\/wp\/v2\/types\/post"}],"author":[{"embeddable":true,"href":"https:\/\/nautica.news\/es\/wp-json\/wp\/v2\/users\/1"}],"replies":[{"embeddable":true,"href":"https:\/\/nautica.news\/es\/wp-json\/wp\/v2\/comments?post=19588"}],"version-history":[{"count":0,"href":"https:\/\/nautica.news\/es\/wp-json\/wp\/v2\/posts\/19588\/revisions"}],"wp:featuredmedia":[{"embeddable":true,"href":"https:\/\/nautica.news\/es\/wp-json\/"}],"wp:attachment":[{"href":"https:\/\/nautica.news\/es\/wp-json\/wp\/v2\/media?parent=19588"}],"wp:term":[{"taxonomy":"category","embeddable":true,"href":"https:\/\/nautica.news\/es\/wp-json\/wp\/v2\/categories?post=19588"},{"taxonomy":"post_tag","embeddable":true,"href":"https:\/\/nautica.news\/es\/wp-json\/wp\/v2\/tags?post=19588"}],"curies":[{"name":"wp","href":"https:\/\/api.w.org\/{rel}","templated":true}]}}