{"id":19294,"date":"2019-05-09T22:19:01","date_gmt":"2019-05-10T01:19:01","guid":{"rendered":"http:\/\/nautic.wnpower.host\/?p=19294"},"modified":"2019-05-09T22:19:01","modified_gmt":"2019-05-10T01:19:01","slug":"470","status":"publish","type":"post","link":"https:\/\/nautica.news\/es\/470\/","title":{"rendered":"Europeo 470 Sanremo"},"content":{"rendered":"<h2>Europeo 470 , Sanremo en su m\u00e1xima expresi\u00f3n.<\/h2>\n<p>El golfo de Sanremo ha cumplido con su fama, brindando las condiciones perfectas para el d\u00eda de la inauguraci\u00f3n de los 470 europeos, organizado por el Yacht Club Sanremo y Marina degli Aregai, en cooperaci\u00f3n con la clase nacional e internacional 470.<br \/>\nLos cielos azules, un sol c\u00e1lido y m\u00e1s de 15 nudos del este han dado la bienvenida a los equipos participantes en un lugar de navegaci\u00f3n que confirma estar entre los mejores del mundo.<\/p>\n<p>Las tripulaciones, 70 hombres se dividieron en dos grupos y 40 mujeres, llegaron al \u00e1rea de la carrera a tiempo para el comienzo del mediod\u00eda, pero se vieron obligados a esperar un poco m\u00e1s en alta mar para que el viento se pusiera en direcci\u00f3n e intensidad. Despu\u00e9s de casi dos horas, el Comit\u00e9 Internacional de la Carrera pudo disparar la primera se\u00f1al de los europeos para la flota de mujeres, seguida poco despu\u00e9s por los dos grupos de hombres. El primer inicio se dio bajo bandera negra para todos, y desafortunadamente, se encontraron varias cuadrillas en la l\u00ednea y fueron descalificadas.<br \/>\nLas condiciones ideales de navegaci\u00f3n permitieron envolver tres carreras, configurando un primer cuadro de indicadores muy preliminar tanto para los europeos como para el Campeonato Abierto.<\/p>\n","protected":false},"excerpt":{"rendered":"<p>Europeo 470 , Sanremo en su m\u00e1xima expresi\u00f3n. El golfo de Sanremo ha cumplido con su fama, brindando las condiciones perfectas para el d\u00eda de la inauguraci\u00f3n de los 470 europeos, organizado por el Yacht Club Sanremo y Marina degli Aregai, en cooperaci\u00f3n con la clase nacional e internacional 470. Los cielos azules, un sol [&hellip;]<\/p>\n","protected":false},"author":1,"featured_media":19295,"comment_status":"closed","ping_status":"closed","sticky":false,"template":"","format":"standard","meta":{"_jetpack_memberships_contains_paid_content":false,"footnotes":""},"categories":[85],"tags":[651],"class_list":{"0":"post-19294","1":"post","2":"type-post","3":"status-publish","4":"format-standard","5":"has-post-thumbnail","7":"category-vela-noticias-torneos-copas","8":"tag-651"},"jetpack_featured_media_url":"","jetpack_sharing_enabled":true,"jetpack-related-posts":[],"_links":{"self":[{"href":"https:\/\/nautica.news\/es\/wp-json\/wp\/v2\/posts\/19294","targetHints":{"allow":["GET"]}}],"collection":[{"href":"https:\/\/nautica.news\/es\/wp-json\/wp\/v2\/posts"}],"about":[{"href":"https:\/\/nautica.news\/es\/wp-json\/wp\/v2\/types\/post"}],"author":[{"embeddable":true,"href":"https:\/\/nautica.news\/es\/wp-json\/wp\/v2\/users\/1"}],"replies":[{"embeddable":true,"href":"https:\/\/nautica.news\/es\/wp-json\/wp\/v2\/comments?post=19294"}],"version-history":[{"count":0,"href":"https:\/\/nautica.news\/es\/wp-json\/wp\/v2\/posts\/19294\/revisions"}],"wp:featuredmedia":[{"embeddable":true,"href":"https:\/\/nautica.news\/es\/wp-json\/"}],"wp:attachment":[{"href":"https:\/\/nautica.news\/es\/wp-json\/wp\/v2\/media?parent=19294"}],"wp:term":[{"taxonomy":"category","embeddable":true,"href":"https:\/\/nautica.news\/es\/wp-json\/wp\/v2\/categories?post=19294"},{"taxonomy":"post_tag","embeddable":true,"href":"https:\/\/nautica.news\/es\/wp-json\/wp\/v2\/tags?post=19294"}],"curies":[{"name":"wp","href":"https:\/\/api.w.org\/{rel}","templated":true}]}}