{"id":18494,"date":"2019-02-15T17:57:34","date_gmt":"2019-02-15T20:57:34","guid":{"rendered":"http:\/\/nautic.wnpower.host\/?p=18494"},"modified":"2019-02-15T17:57:34","modified_gmt":"2019-02-15T20:57:34","slug":"limpiemos","status":"publish","type":"post","link":"https:\/\/nautica.news\/es\/limpiemos\/","title":{"rendered":"CAMPA\u00d1A #LIMPIEMOS  DE YAGO LANGE &amp; FAY"},"content":{"rendered":"<h1 class=\"grve-post-simple-title\">CAMPA\u00d1A #LIMPIEMOS<\/h1>\n<h1 class=\"grve-post-simple-title\">DE YAGO LANGE &amp; FAY<\/h1>\n<div>\n<p><strong>Luego de una muy exitosa primer campa\u00f1a, #Limpiemos vuelve a convocar a toda la familia n\u00e1utica a participar el 23 de febrero a las 10 am, a seguir cuidando nuestras aguas.\u00a0<\/strong><\/p>\n<p><strong>A continuaci\u00f3n, compartimos la carta de Yago Lange, convocandonos a todos a participar de una nueva campa\u00f1a de #Limpiemos:\u00a0<\/strong><\/p>\n<div>\n<blockquote><p>Hola a todos,<\/p>\n<p>Quer\u00eda contarles que\u00a0el\u00a0<strong>s\u00e1bado 23 de febrero<\/strong>\u00a0nos volvemos a juntar para la segunda edici\u00f3n de<strong>\u00a0<a href=\"https:\/\/www.instagram.com\/explore\/tags\/limpiemos\/\" target=\"_blank\" rel=\"noopener\">#limpiemos.<\/a><\/strong> Nosotros que navegamos, tenemos que ser los primeros que cuidamos nuestras aguas y contagiarnos entre todos para ser mucho m\u00e1s conscientes de d\u00f3nde termina la basura.<\/p>\n<p><img loading=\"lazy\" decoding=\"async\" class=\"aligncenter size-full wp-image-10244\" src=\"https:\/\/fay.org\/wp-content\/uploads\/2019\/02\/Clubes-participantes-en-Limpiemos.jpg\" alt=\"Clubes participantes en #Limpiemos\" width=\"1600\" height=\"1598\" title=\"\"><\/p>\n<p>&nbsp;<\/p>\n<h3>\u00daltima campa\u00f1a de #Limpiemos<\/h3>\n<p>En diciembre, de forma totalmente espont\u00e1nea, <strong>nos juntamos entre 25 clubes para limpiar nuestras aguas<\/strong> y hablar de c\u00f3mo podemos hacer que nuestros clubes sean m\u00e1s sustentables. Empez\u00f3 como una convocatoria en el R\u00edo de la Plata pero se fueron sumando clubes en Rosario, Mar del Plata, Buenos Aires, Bariloche, Puerto Madryn, San Pedro, Jun\u00edn, chascomus y m\u00e1s! Fue impresionante la respuesta de la gente y c\u00f3mo est\u00e1n dispuestos a involucrarse en sus propios clubes. Esto lo organizamos junto con los chicos de las escuelitas, entrenadores, y socios de los clubes que se entusiasmaron. <strong>Durante 2 horas, en un solo club, levantamos 3 toneladas de basura!<\/strong>\u00a0<a href=\"https:\/\/photos.app.goo.gl\/SqcRvs3oogrMo5c4A\" target=\"_blank\" rel=\"noopener\">Mira ac\u00e1 las fotos<\/a>\u00a0y <a href=\"https:\/\/www.lanacion.com.ar\/2203089-san-isidro-voluntarios-recolectaron-tres-toneladas-de-basura-de-la-costa-del-rio\" target=\"_blank\" rel=\"noopener\">una nota que publicaron.<\/a><\/p>\n<p>El 23 de febrero a las 10am, nos volvemos a juntar y esta vez queremos m\u00e1s convocatoria! \u00bfTe sum\u00e1s? La FAY nos est\u00e1 ayudando a difundir\u00a0<a href=\"https:\/\/www.instagram.com\/explore\/tags\/limpiemos\/\" target=\"_blank\" rel=\"noopener\">#limpiemos<\/a>\u00a0entre\u00a0los clubes de Argentina \u00bfHacemos que esto sea una iniciativa de todos juntos?<\/p>\n<p><img loading=\"lazy\" decoding=\"async\" class=\"aligncenter size-full wp-image-10243\" src=\"https:\/\/fay.org\/wp-content\/uploads\/2019\/02\/Limpiemos-3-fay.jpg\" alt=\"Limpiemos-3-fay\" width=\"1191\" height=\"842\" title=\"\"><\/p>\n<p>Para organizarnos mejor, si queres que haya una limpieza en tu club,\u00a0<a href=\"https:\/\/unplastify.typeform.com\/to\/IqE0zH\" target=\"_blank\" rel=\"noopener\">anot\u00e1 el club ac\u00e1<\/a>\u00a0y ayudanos a difundir en redes sociales, siempre con el hasthag #limpiemos.<\/p>\n<p>Te vamos a mandar algunos tips de c\u00f3mo organizarlo, difundir el evento y c\u00f3mo gestionar la basura.<\/p>\n<p>Para enterarte c\u00f3mo seguimos, podes seguirme en Instagram\u00a0<a href=\"https:\/\/www.instagram.com\/yagolange\/\" target=\"_blank\" rel=\"noopener\">@yagolange<\/a>\u00a0y ver el mapa de clubes que se van sumando en\u00a0<a href=\"http:\/\/www.unplastifly.com\/limpiemos\" target=\"_blank\" rel=\"noopener\">www.unplastifly.com\/limpiemos<\/a>\u00a0(Unplastify es una amiga que navega que est\u00e1 estudiando la contaminaci\u00f3n de los pl\u00e1sticos en los oc\u00e9anos!).<\/p>\n<p><strong>Muchas gracias, nos vemos el 23!!<\/strong><\/p>\n<p><strong>Yago Lange<\/strong><\/p>\n<p><img loading=\"lazy\" decoding=\"async\" class=\"aligncenter size-full wp-image-10242\" src=\"https:\/\/fay.org\/wp-content\/uploads\/2019\/02\/Limpiemos-2-fay.jpg\" alt=\"Limpiemos-2-fay\" width=\"1191\" height=\"842\" title=\"\"><\/p><\/blockquote>\n<\/div>\n<\/div>\n","protected":false},"excerpt":{"rendered":"<p>CAMPA\u00d1A #LIMPIEMOS DE YAGO LANGE &amp; FAY Luego de una muy exitosa primer campa\u00f1a, #Limpiemos vuelve a convocar a toda la familia n\u00e1utica a participar el 23 de febrero a las 10 am, a seguir cuidando nuestras aguas.\u00a0 A continuaci\u00f3n, compartimos la carta de Yago Lange, convocandonos a todos a participar de una nueva campa\u00f1a [&hellip;]<\/p>\n","protected":false},"author":1,"featured_media":18495,"comment_status":"closed","ping_status":"closed","sticky":false,"template":"","format":"standard","meta":{"_jetpack_memberships_contains_paid_content":false,"footnotes":""},"categories":[83],"tags":[],"class_list":{"0":"post-18494","1":"post","2":"type-post","3":"status-publish","4":"format-standard","5":"has-post-thumbnail","7":"category-actualidad-nautica"},"jetpack_featured_media_url":"","jetpack_sharing_enabled":true,"jetpack-related-posts":[],"_links":{"self":[{"href":"https:\/\/nautica.news\/es\/wp-json\/wp\/v2\/posts\/18494","targetHints":{"allow":["GET"]}}],"collection":[{"href":"https:\/\/nautica.news\/es\/wp-json\/wp\/v2\/posts"}],"about":[{"href":"https:\/\/nautica.news\/es\/wp-json\/wp\/v2\/types\/post"}],"author":[{"embeddable":true,"href":"https:\/\/nautica.news\/es\/wp-json\/wp\/v2\/users\/1"}],"replies":[{"embeddable":true,"href":"https:\/\/nautica.news\/es\/wp-json\/wp\/v2\/comments?post=18494"}],"version-history":[{"count":0,"href":"https:\/\/nautica.news\/es\/wp-json\/wp\/v2\/posts\/18494\/revisions"}],"wp:featuredmedia":[{"embeddable":true,"href":"https:\/\/nautica.news\/es\/wp-json\/"}],"wp:attachment":[{"href":"https:\/\/nautica.news\/es\/wp-json\/wp\/v2\/media?parent=18494"}],"wp:term":[{"taxonomy":"category","embeddable":true,"href":"https:\/\/nautica.news\/es\/wp-json\/wp\/v2\/categories?post=18494"},{"taxonomy":"post_tag","embeddable":true,"href":"https:\/\/nautica.news\/es\/wp-json\/wp\/v2\/tags?post=18494"}],"curies":[{"name":"wp","href":"https:\/\/api.w.org\/{rel}","templated":true}]}}