{"id":18487,"date":"2019-02-14T21:36:19","date_gmt":"2019-02-15T00:36:19","guid":{"rendered":"http:\/\/nautic.wnpower.host\/?p=18487"},"modified":"2019-02-14T21:36:19","modified_gmt":"2019-02-15T00:36:19","slug":"bajante-del-rio-parana-5","status":"publish","type":"post","link":"https:\/\/nautica.news\/es\/bajante-del-rio-parana-5\/","title":{"rendered":"Bajante del r\u00edo Paran\u00e1 hasta los 2,74 metros."},"content":{"rendered":"<div class=\"news-amp-title\" style=\"clear: both;overflow: hidden;color: #333333;padding-top: 20px;margin-bottom: 10px;font-family: Roboto, Arial, sans-serif\">\n<div class=\"force_768\" style=\"padding: 0px 10px;max-width: 768px;margin: auto\">\n<h1 style=\"margin-top: 5px;margin-bottom: 3px;font-size: 23pt;line-height: 26pt\"><\/h1>\n<\/div>\n<\/div>\n<div class=\"news-amp-caption descripcion\" style=\"font-family: Roboto, serif;font-weight: bold;font-size: 13pt;line-height: 1.2;margin-top: 10px;margin-bottom: 10px\">\n<div>\n<h1>Bajante del r\u00edo Paran\u00e1<\/h1>\n<h2>El Paran\u00e1 baj\u00f3 hasta los 2,74 metros y est\u00e1 cerca de su marca hist\u00f3rica<\/h2>\n<\/div>\n<h3 class=\"force_768\" style=\"padding: 0px 10px;max-width: 768px;margin: auto\">Se mantiene la tendencia de descenso en el caudal del r\u00edo Paran\u00e1, en lo que va del a\u00f1o el actual es el nivel m\u00e1s bajo.<\/h3>\n<\/div>\n<div class=\"news-amp-attachment wide-aspect-ratio\" style=\"margin-bottom: 10px;margin-left: -10px;margin-right: -10px;font-family: Roboto, Arial, sans-serif\">\n<div class=\"force_768\" style=\"padding: 0px 10px;max-width: 768px;margin: auto\"><\/div>\n<\/div>\n<div class=\"news-amp-body\" style=\"margin-bottom: 20px;font-size: 17px;font-family: Roboto, Arial, sans-serif\">\n<div class=\"force_768\" style=\"padding: 0px 10px;max-width: 768px;margin: auto\">\n<p>El r\u00edo Paran\u00e1 alcanz\u00f3 ayer una altura de 2,74 metros, 11 cent\u00edmetros menos que el martes y 59 cent\u00edmetros m\u00e1s que la mayor bajante del 2018, que se registr\u00f3 el 20 de septiembre y complic\u00f3 el abastecimiento de combustibles que se realiza por la v\u00eda fluvial.<\/p>\n<p>En este contexto se analiz\u00f3 la declaraci\u00f3n de una veda extraordinaria para proteger a los peces, \u00a0y la\u00a0recomendaci\u00f3n que no se consuma pescado.<\/p>\n<p>Se espera que durante el primer trimestre, los niveles persistan en valores superiores a los normales, aunque con tendencia gradual descendente.<\/p>\n<\/div>\n<\/div>\n","protected":false},"excerpt":{"rendered":"<p>Bajante del r\u00edo Paran\u00e1 El Paran\u00e1 baj\u00f3 hasta los 2,74 metros y est\u00e1 cerca de su marca hist\u00f3rica Se mantiene la tendencia de descenso en el caudal del r\u00edo Paran\u00e1, en lo que va del a\u00f1o el actual es el nivel m\u00e1s bajo. El r\u00edo Paran\u00e1 alcanz\u00f3 ayer una altura de 2,74 metros, 11 cent\u00edmetros [&hellip;]<\/p>\n","protected":false},"author":1,"featured_media":18488,"comment_status":"closed","ping_status":"closed","sticky":false,"template":"","format":"standard","meta":{"_jetpack_memberships_contains_paid_content":false,"footnotes":""},"categories":[83],"tags":[190],"class_list":{"0":"post-18487","1":"post","2":"type-post","3":"status-publish","4":"format-standard","5":"has-post-thumbnail","7":"category-actualidad-nautica","8":"tag-rio-parana"},"jetpack_featured_media_url":"","jetpack_sharing_enabled":true,"jetpack-related-posts":[],"_links":{"self":[{"href":"https:\/\/nautica.news\/es\/wp-json\/wp\/v2\/posts\/18487","targetHints":{"allow":["GET"]}}],"collection":[{"href":"https:\/\/nautica.news\/es\/wp-json\/wp\/v2\/posts"}],"about":[{"href":"https:\/\/nautica.news\/es\/wp-json\/wp\/v2\/types\/post"}],"author":[{"embeddable":true,"href":"https:\/\/nautica.news\/es\/wp-json\/wp\/v2\/users\/1"}],"replies":[{"embeddable":true,"href":"https:\/\/nautica.news\/es\/wp-json\/wp\/v2\/comments?post=18487"}],"version-history":[{"count":0,"href":"https:\/\/nautica.news\/es\/wp-json\/wp\/v2\/posts\/18487\/revisions"}],"wp:featuredmedia":[{"embeddable":true,"href":"https:\/\/nautica.news\/es\/wp-json\/"}],"wp:attachment":[{"href":"https:\/\/nautica.news\/es\/wp-json\/wp\/v2\/media?parent=18487"}],"wp:term":[{"taxonomy":"category","embeddable":true,"href":"https:\/\/nautica.news\/es\/wp-json\/wp\/v2\/categories?post=18487"},{"taxonomy":"post_tag","embeddable":true,"href":"https:\/\/nautica.news\/es\/wp-json\/wp\/v2\/tags?post=18487"}],"curies":[{"name":"wp","href":"https:\/\/api.w.org\/{rel}","templated":true}]}}