{"id":17093,"date":"2018-10-21T20:46:43","date_gmt":"2018-10-21T23:46:43","guid":{"rendered":"http:\/\/nautic.wnpower.host\/?p=17093"},"modified":"2018-10-21T20:46:43","modified_gmt":"2018-10-21T23:46:43","slug":"se-hunde-un-velero","status":"publish","type":"post","link":"https:\/\/nautica.news\/es\/se-hunde-un-velero\/","title":{"rendered":"Se hunde un velero durante una regata"},"content":{"rendered":"<h1>Se hunde un velero durante una regata<\/h1>\n<div class=\"td-module-meta-info\">\n<div class=\"td-post-author-name\"><a href=\"http:\/\/jaumesoler.net\/author\/jaume-soler\/\" rel=\"noopener\">Por Jaume Soler<\/a><\/div>\n<p><strong>La que ten\u00eda que ser una regata social m\u00e1s en el Club N\u00e0utic El Cambrils, en Tarragona, se convirti\u00f3 en una noticia de sucesos despu\u00e9s de que uno de los barcos participantes se acabar hundiendo a causa de una v\u00eda de agua.<\/strong><\/p>\n<p>La regata Les Roques Gran Premi Protego se disputaba el s\u00e1bado d\u00eda 21 de octubre con aparente normalidad, cuando de repente a la una y cuatro de la tarde el velero M\u00f3n de l\u2019Ona, lanzaba una llamada de auxilio al encontrar una importante v\u00eda de agua en la parte del tim\u00f3n.<\/p>\n<p>El M\u00f3n de l\u2019Ona se encontraba a 17 millas de Tarragona y a 10 de L\u2019Atmetlla de Mar, cuando se activ\u00f3 el protocolo de salvamento en el que participaron una embarcaci\u00f3n y un helic\u00f3ptero de Salvamento Mar\u00edtimo, Salvamar y Helimer 2014, este \u00faltimo con base en el aeropuerto de Reus.<\/p>\n<p>El primero en llegar fue el helic\u00f3ptero que hizo una visual de la situaci\u00f3n y rescat\u00f3 a tres de los tripulantes. Los otros dos, que permanecieron a bordo intentado achicar agua, pero les fue imposible, y tuvieron que abandonar el barco pocos minutos antes del hundimiento, con lo que fueron rescatados por mar por la propia Salvamar.<\/p>\n<p>Ahora habr\u00e1 que analizar porque ocurri\u00f3 esta desgracia, ya que una v\u00eda en la zona de popa, a no ser que haya colisionado con un objeto contundente, no es lo m\u00e1s normal.<\/p>\n<\/div>\n","protected":false},"excerpt":{"rendered":"<p>Se hunde un velero durante una regata Por Jaume Soler La que ten\u00eda que ser una regata social m\u00e1s en el Club N\u00e0utic El Cambrils, en Tarragona, se convirti\u00f3 en una noticia de sucesos despu\u00e9s de que uno de los barcos participantes se acabar hundiendo a causa de una v\u00eda de agua. La regata Les [&hellip;]<\/p>\n","protected":false},"author":1,"featured_media":17094,"comment_status":"closed","ping_status":"closed","sticky":false,"template":"","format":"standard","meta":{"_jetpack_memberships_contains_paid_content":false,"footnotes":""},"categories":[86],"tags":[391],"class_list":{"0":"post-17093","1":"post","2":"type-post","3":"status-publish","4":"format-standard","5":"has-post-thumbnail","7":"category-interes","8":"tag-jaume-soler"},"jetpack_featured_media_url":"","jetpack_sharing_enabled":true,"jetpack-related-posts":[],"_links":{"self":[{"href":"https:\/\/nautica.news\/es\/wp-json\/wp\/v2\/posts\/17093","targetHints":{"allow":["GET"]}}],"collection":[{"href":"https:\/\/nautica.news\/es\/wp-json\/wp\/v2\/posts"}],"about":[{"href":"https:\/\/nautica.news\/es\/wp-json\/wp\/v2\/types\/post"}],"author":[{"embeddable":true,"href":"https:\/\/nautica.news\/es\/wp-json\/wp\/v2\/users\/1"}],"replies":[{"embeddable":true,"href":"https:\/\/nautica.news\/es\/wp-json\/wp\/v2\/comments?post=17093"}],"version-history":[{"count":0,"href":"https:\/\/nautica.news\/es\/wp-json\/wp\/v2\/posts\/17093\/revisions"}],"wp:featuredmedia":[{"embeddable":true,"href":"https:\/\/nautica.news\/es\/wp-json\/"}],"wp:attachment":[{"href":"https:\/\/nautica.news\/es\/wp-json\/wp\/v2\/media?parent=17093"}],"wp:term":[{"taxonomy":"category","embeddable":true,"href":"https:\/\/nautica.news\/es\/wp-json\/wp\/v2\/categories?post=17093"},{"taxonomy":"post_tag","embeddable":true,"href":"https:\/\/nautica.news\/es\/wp-json\/wp\/v2\/tags?post=17093"}],"curies":[{"name":"wp","href":"https:\/\/api.w.org\/{rel}","templated":true}]}}