{"id":16269,"date":"2018-08-12T10:47:37","date_gmt":"2018-08-12T13:47:37","guid":{"rendered":"http:\/\/nautic.wnpower.host\/?p=16269"},"modified":"2018-08-12T10:47:37","modified_gmt":"2018-08-12T13:47:37","slug":"comunicado-rfev-por-iker-martinez","status":"publish","type":"post","link":"https:\/\/nautica.news\/es\/comunicado-rfev-por-iker-martinez\/","title":{"rendered":"Comunicado RFEV por  Iker Mart\u00ednez"},"content":{"rendered":"<div class=\"td-post-header td-container\">\n<div class=\"td-post-header-holder td-image-gradient\">\n<header class=\"td-post-title\">\n<h2 class=\"entry-title\">La RFEV emite un comunicado respecto al caso Iker Mart\u00ednez<\/h2>\n<h2 class=\"td-post-sub-title\">En la comunicaci\u00f3n la RFEV acata la decisi\u00f3n del Jury y anuncia una investigaci\u00f3n<\/h2>\n<div class=\"td-module-meta-info\">\n<div class=\"td-post-author-name\">\n<div class=\"td-author-by\">Por <a href=\"http:\/\/jaumesoler.net\/author\/jaume-soler\/\" rel=\"noopener\">Jaume Soler<\/a><\/div>\n<div class=\"td-author-line\"><\/div>\n<\/div>\n<\/div>\n<\/header>\n<\/div>\n<\/div>\n<div class=\"td-container\">\n<div class=\"td-pb-row\">\n<div class=\"td-pb-span8 td-main-content\" role=\"main\">\n<div class=\"td-ss-main-content\">\n<div class=\"td-post-sharing td-post-sharing-top \">\n<div class=\"td-default-sharing\"><\/div>\n<\/div>\n<div class=\"td-post-content\">\n<p><strong>La Real Federaci\u00f3n Espa\u00f1ola de Vela (RFEV) ha emitido finalmente un comunicado oficial respecto <\/strong><strong>al regatista <i>Iker Mart\u00ednez<\/i> en el Campeonato de Vela de Aarhus.<\/strong><\/p>\n<p><strong>COMUNICADO OFICIAL RFEV<br \/>\n<\/strong><\/p>\n<p><em>La Real Federaci\u00f3n Espa\u00f1ola de Vela, en relaci\u00f3n con la resoluci\u00f3n disciplinaria que sanciona al deportista Iker Mart\u00ednez de Lizarduy, ejercitada siguiendo lo dispuesto en la regla 69 RRV y el apartado 35 de las regulaciones de World Sailing por el Jurado Internacional del Hempel Sailing World Championships Aarhus 2018, acata la misma entendiendo que se ha producido siguiendo las reglas y procedimientos en vigor.<\/em><\/p>\n<p><em>A la vista de los hechos que motivan dicha resoluci\u00f3n, la RFEV realizar\u00e1 su propia investigaci\u00f3n para analizar lo sucedido y adoptar las medidas que pudieran corresponder en cumplimiento de las obligaciones que impone la Normativa Preol\u00edmpica 3er Ciclo y con la finalidad de garantizar el cumplimiento de las normas y principios que rigen el deporte de la vela.<\/em><\/p>\n<p><em>Iker Mart\u00ednez , uno de los mejores deportistas del mundo y ha ayudado a lo largo de su carrera a posicionar a la vela espa\u00f1ola en lo m\u00e1s alto.<\/em><\/p>\n<p><em> En su curr\u00edculum destacan dos medallas ol\u00edmpicas, oro en Atenas 2004 y plata en Pek\u00edn 2008, tres campeonatos del mundo y tres de Europa. <\/em><\/p>\n<p><em>\u00a0Iker Mart\u00ednez fue en 2006 con la Medalla de Oro al M\u00e9rito Deportivo que otorga el Consejo Superior de Deportes.<\/em><\/p>\n<p><em>La RFEV\u00a0desde el primer momento ha dado su apoyo y asesoramiento a Iker Mart\u00ednez y as\u00ed lo seguir\u00e1 haciendo hasta que se clarifique la situaci\u00f3n.<\/em><\/p>\n<\/div>\n<\/div>\n<\/div>\n<\/div>\n<\/div>\n","protected":false},"excerpt":{"rendered":"<p>La RFEV emite un comunicado respecto al caso Iker Mart\u00ednez En la comunicaci\u00f3n la RFEV acata la decisi\u00f3n del Jury y anuncia una investigaci\u00f3n Por Jaume Soler La Real Federaci\u00f3n Espa\u00f1ola de Vela (RFEV) ha emitido finalmente un comunicado oficial respecto al regatista Iker Mart\u00ednez en el Campeonato de Vela de Aarhus. COMUNICADO OFICIAL RFEV [&hellip;]<\/p>\n","protected":false},"author":1,"featured_media":16270,"comment_status":"closed","ping_status":"closed","sticky":false,"template":"","format":"standard","meta":{"_jetpack_memberships_contains_paid_content":false,"footnotes":""},"categories":[86],"tags":[254,255],"class_list":{"0":"post-16269","1":"post","2":"type-post","3":"status-publish","4":"format-standard","5":"has-post-thumbnail","7":"category-interes","8":"tag-iker-martinez","9":"tag-rfev"},"jetpack_featured_media_url":"","jetpack_sharing_enabled":true,"jetpack-related-posts":[],"_links":{"self":[{"href":"https:\/\/nautica.news\/es\/wp-json\/wp\/v2\/posts\/16269","targetHints":{"allow":["GET"]}}],"collection":[{"href":"https:\/\/nautica.news\/es\/wp-json\/wp\/v2\/posts"}],"about":[{"href":"https:\/\/nautica.news\/es\/wp-json\/wp\/v2\/types\/post"}],"author":[{"embeddable":true,"href":"https:\/\/nautica.news\/es\/wp-json\/wp\/v2\/users\/1"}],"replies":[{"embeddable":true,"href":"https:\/\/nautica.news\/es\/wp-json\/wp\/v2\/comments?post=16269"}],"version-history":[{"count":0,"href":"https:\/\/nautica.news\/es\/wp-json\/wp\/v2\/posts\/16269\/revisions"}],"wp:featuredmedia":[{"embeddable":true,"href":"https:\/\/nautica.news\/es\/wp-json\/"}],"wp:attachment":[{"href":"https:\/\/nautica.news\/es\/wp-json\/wp\/v2\/media?parent=16269"}],"wp:term":[{"taxonomy":"category","embeddable":true,"href":"https:\/\/nautica.news\/es\/wp-json\/wp\/v2\/categories?post=16269"},{"taxonomy":"post_tag","embeddable":true,"href":"https:\/\/nautica.news\/es\/wp-json\/wp\/v2\/tags?post=16269"}],"curies":[{"name":"wp","href":"https:\/\/api.w.org\/{rel}","templated":true}]}}