{"id":16181,"date":"2018-08-08T22:31:28","date_gmt":"2018-08-09T01:31:28","guid":{"rendered":"http:\/\/nautic.wnpower.host\/?p=16181"},"modified":"2018-08-08T22:31:28","modified_gmt":"2018-08-09T01:31:28","slug":"facundo-olezza-en-la-clase-finn","status":"publish","type":"post","link":"https:\/\/nautica.news\/es\/facundo-olezza-en-la-clase-finn\/","title":{"rendered":"FACUNDO OLEZZA, EN LA CLASE FINN"},"content":{"rendered":"<h2 style=\"border: 0px;font-family: 'Source Sans Pro', sans-serif;font-size: 14px;margin: 0px 0px 10px;padding: 0px;vertical-align: baseline;line-height: 17px;color: #3c3c3c\">FACUNDO OLEZZA, EN LA CLASE FINN<\/h2>\n<h3 style=\"border: 0px;font-family: 'Source Sans Pro', sans-serif;font-size: 14px;margin: 0px 0px 10px;padding: 0px;vertical-align: baseline;line-height: 17px;color: #3c3c3c\"><span style=\"border: 0px;font-family: inherit;font-size: medium;font-style: inherit;margin: 0px;padding: 0px;vertical-align: baseline\"><strong style=\"border: 0px;font-family: inherit;font-size: 16px;font-style: inherit;margin: 0px;padding: 0px;vertical-align: baseline\">La Argentina obtuvo su primera plaza para Tokio 2020 con Facundo Olezza en la clase Finn<\/strong><\/span><\/h3>\n<p style=\"border: 0px;font-family: 'Source Sans Pro', sans-serif;font-size: 14px;margin: 0px 0px 10px;padding: 0px;vertical-align: baseline;line-height: 17px;color: #3c3c3c\">\n<h4 style=\"border: 0px;font-family: 'Source Sans Pro', sans-serif;font-size: 14px;margin: 0px 0px 10px;padding: 0px;vertical-align: baseline;line-height: 17px;color: #3c3c3c\">Luego de diez regatas disputadas y con un s\u00e9ptimo puesto parcial en la clasificaci\u00f3n general, Facundo Olezza le dio la plaza a la Argentina en la clase Finn para los Juegos Ol\u00edmpicos Tokio 2020, n el marco del HempelSailingWorldChampionships, campeonato que se desarrolla del 30 de julio al 12 de agosto en Aarhus, Dinamarca, con las 10 clases ol\u00edmpicas participando y el agregado kitesurfingpor primera vez.<\/h4>\n<p>&nbsp;<\/p>\n<p style=\"border: 0px;font-family: 'Source Sans Pro', sans-serif;font-size: 14px;margin: 0px 0px 10px;padding: 0px;vertical-align: baseline;line-height: 17px;color: #3c3c3c\">El timonel de Beccar, de un excelente noveno puesto en R\u00edo de Janeiro 2016, acumula 77 unidades netas, faltando ma\u00f1ana la MedalRace (regata con puntaje doble y que determina los podios) pero al finalizar en el top ten para correr la regata por la medalla, ya tiene asegurada la plaza para el pa\u00eds.<\/p>\n<p style=\"border: 0px;font-family: 'Source Sans Pro', sans-serif;font-size: 14px;margin: 0px 0px 10px;padding: 0px;vertical-align: baseline;line-height: 17px;color: #3c3c3c\">La Argentina tiene 23 atletas representes en aguas danesas y en lo que resta del torneo la posibilidad de repetir m\u00e1s lugares para m\u00e1s clases de cara a la m\u00e1xima cita ol\u00edmpica, dentro de dos a\u00f1os.<\/p>\n<p style=\"border: 0px;font-family: 'Source Sans Pro', sans-serif;font-size: 14px;margin: 0px 0px 10px;padding: 0px;vertical-align: baseline;line-height: 17px;color: #3c3c3c\">1.400 regatistas de 90 pa\u00edses, 1100 barcos aproximadamente, participan de estecampeonato mundial de mayores, en donde se calcula que concurrir\u00e1n alrededor de 400.000 visitantes a Aarhus.<\/p>\n<p style=\"border: 0px;font-family: 'Source Sans Pro', sans-serif;font-size: 14px;margin: 0px 0px 10px;padding: 0px;vertical-align: baseline;line-height: 17px;color: #3c3c3c\">En esta gran primera prueba de clasificaci\u00f3n para los Juegos Ol\u00edmpicos de Tokio, el Equipo Argentino de Vela, auspiciado por Galicia \u00c9minent, est\u00e1 conformado de la siguiente manera:<\/p>\n<p style=\"border: 0px;font-family: 'Source Sans Pro', sans-serif;font-size: 14px;margin: 0px 0px 10px;padding: 0px;vertical-align: baseline;line-height: 17px;color: #3c3c3c\">470 masculino: Fernando Gwozdz-Tom\u00e1s Dietrich<\/p>\n<p style=\"border: 0px;font-family: 'Source Sans Pro', sans-serif;font-size: 14px;margin: 0px 0px 10px;padding: 0px;vertical-align: baseline;line-height: 17px;color: #3c3c3c\">49er masculino: Yago Lange-Klaus Lange<\/p>\n<p style=\"border: 0px;font-family: 'Source Sans Pro', sans-serif;font-size: 14px;margin: 0px 0px 10px;padding: 0px;vertical-align: baseline;line-height: 17px;color: #3c3c3c\">49er femenino:Victoria Travascio-Sol Branz \/ Luc\u00eda Tamani \u2013 Bianca Tamani<\/p>\n<p style=\"border: 0px;font-family: 'Source Sans Pro', sans-serif;font-size: 14px;margin: 0px 0px 10px;padding: 0px;vertical-align: baseline;line-height: 17px;color: #3c3c3c\">Finn: Facundo Olezza<\/p>\n<p style=\"border: 0px;font-family: 'Source Sans Pro', sans-serif;font-size: 14px;margin: 0px 0px 10px;padding: 0px;vertical-align: baseline;line-height: 17px;color: #3c3c3c\">Kitesurf masculino: Federico Aguilar<\/p>\n<p style=\"border: 0px;font-family: 'Source Sans Pro', sans-serif;font-size: 14px;margin: 0px 0px 10px;padding: 0px;vertical-align: baseline;line-height: 17px;color: #3c3c3c\">Laser Masculino: Tom\u00e1s Pellejero \/ Julio Alsogaray \/ Francisco Guaragna \/Francisco Renna \/ Juan Pablo Bisio \/ Agust\u00edn Vidal<\/p>\n<p style=\"border: 0px;font-family: 'Source Sans Pro', sans-serif;font-size: 14px;margin: 0px 0px 10px;padding: 0px;vertical-align: baseline;line-height: 17px;color: #3c3c3c\">Laser Femenino:Luc\u00eda Falasca \/ Luciana Cardozo<\/p>\n<p style=\"border: 0px;font-family: 'Source Sans Pro', sans-serif;font-size: 14px;margin: 0px 0px 10px;padding: 0px;vertical-align: baseline;line-height: 17px;color: #3c3c3c\">RS:X femenino: Celia Tejerina<\/p>\n<p style=\"border: 0px;font-family: 'Source Sans Pro', sans-serif;font-size: 14px;margin: 0px 0px 10px;padding: 0px;vertical-align: baseline;line-height: 17px;color: #3c3c3c\">NACRA 17:Santiago Lange-Cecilia Carranza \/ Mateo Majdalani-Eugenia Bosco<\/p>\n<p>&nbsp;<\/p>\n<p>info: \u00a0<a href=\"http:\/\/Fay.org.ar\" rel=\"noopener\">FAY<\/a><\/p>\n<p>&nbsp;<\/p>\n<blockquote class=\"wp-embedded-content\" data-secret=\"aQJsPGFkyc\"><p><a href=\"https:\/\/nautispots.com\/rosario-sede-de-juegos-suramericanos-de-playa-2019\/\" rel=\"noopener\">Rosario, sede de Juegos Suramericanos de Playa 2019<\/a><\/p><\/blockquote>\n<p><iframe loading=\"lazy\" class=\"wp-embedded-content\" sandbox=\"allow-scripts\" security=\"restricted\" style=\"position: absolute; clip: rect(1px, 1px, 1px, 1px);\" title=\"&#8220;Rosario, sede de Juegos Suramericanos de Playa 2019&#8221; &#8212; NAUTICA.NEWS  - NAUTISPOTS.COM\" src=\"https:\/\/nautispots.com\/rosario-sede-de-juegos-suramericanos-de-playa-2019\/embed\/#?secret=FE7p58lIWs#?secret=aQJsPGFkyc\" data-secret=\"aQJsPGFkyc\" width=\"600\" height=\"338\" frameborder=\"0\" marginwidth=\"0\" marginheight=\"0\" scrolling=\"no\"><\/iframe><\/p>\n<p>&nbsp;<\/p>\n","protected":false},"excerpt":{"rendered":"<p>FACUNDO OLEZZA, EN LA CLASE FINN La Argentina obtuvo su primera plaza para Tokio 2020 con Facundo Olezza en la clase Finn Luego de diez regatas disputadas y con un s\u00e9ptimo puesto parcial en la clasificaci\u00f3n general, Facundo Olezza le dio la plaza a la Argentina en la clase Finn para los Juegos Ol\u00edmpicos Tokio [&hellip;]<\/p>\n","protected":false},"author":1,"featured_media":16182,"comment_status":"closed","ping_status":"closed","sticky":false,"template":"","format":"standard","meta":{"_jetpack_memberships_contains_paid_content":false,"footnotes":""},"categories":[83],"tags":[233,234,235,183],"class_list":{"0":"post-16181","1":"post","2":"type-post","3":"status-publish","4":"format-standard","5":"has-post-thumbnail","7":"category-actualidad-nautica","8":"tag-clase-finn","9":"tag-facundo-olezza","10":"tag-tokio-2020","11":"tag-vela"},"jetpack_featured_media_url":"","jetpack_sharing_enabled":true,"jetpack-related-posts":[],"_links":{"self":[{"href":"https:\/\/nautica.news\/es\/wp-json\/wp\/v2\/posts\/16181","targetHints":{"allow":["GET"]}}],"collection":[{"href":"https:\/\/nautica.news\/es\/wp-json\/wp\/v2\/posts"}],"about":[{"href":"https:\/\/nautica.news\/es\/wp-json\/wp\/v2\/types\/post"}],"author":[{"embeddable":true,"href":"https:\/\/nautica.news\/es\/wp-json\/wp\/v2\/users\/1"}],"replies":[{"embeddable":true,"href":"https:\/\/nautica.news\/es\/wp-json\/wp\/v2\/comments?post=16181"}],"version-history":[{"count":0,"href":"https:\/\/nautica.news\/es\/wp-json\/wp\/v2\/posts\/16181\/revisions"}],"wp:featuredmedia":[{"embeddable":true,"href":"https:\/\/nautica.news\/es\/wp-json\/"}],"wp:attachment":[{"href":"https:\/\/nautica.news\/es\/wp-json\/wp\/v2\/media?parent=16181"}],"wp:term":[{"taxonomy":"category","embeddable":true,"href":"https:\/\/nautica.news\/es\/wp-json\/wp\/v2\/categories?post=16181"},{"taxonomy":"post_tag","embeddable":true,"href":"https:\/\/nautica.news\/es\/wp-json\/wp\/v2\/tags?post=16181"}],"curies":[{"name":"wp","href":"https:\/\/api.w.org\/{rel}","templated":true}]}}