{"id":15442,"date":"2018-07-09T11:25:23","date_gmt":"2018-07-09T14:25:23","guid":{"rendered":"http:\/\/nautic.wnpower.host\/?p=15442"},"modified":"2018-07-09T11:25:23","modified_gmt":"2018-07-09T14:25:23","slug":"alicante-puerto-de-salida-de-la-vuelta-al-mundo-a-vela-ya-tiene-su-sello","status":"publish","type":"post","link":"https:\/\/nautica.news\/es\/alicante-puerto-de-salida-de-la-vuelta-al-mundo-a-vela-ya-tiene-su-sello\/","title":{"rendered":"Alicante Puerto de Salida de la Vuelta al Mundo a Vela ya tiene su sello"},"content":{"rendered":"<header>\n<h2 class=\"article-view-title\">Alicante Puerto de Salida de la Vuelta al Mundo a Vela ya tiene su sello<\/h2>\n<p><span class=\"article-view-subheader\">El Museo de la regata acoge la presentaci\u00f3n del sello dedicado a la edici\u00f3n 2017-18<\/span><\/header>\n<div class=\"article-view-body \">\n<div class=\"article-view-data\">\n<div><\/div>\n<\/div>\n<p>Alicante, Puerto de Salida de la Vuelta al Mundo a Vela 2017-18, ya tiene su sello. El Museo de la regata ha acogido la presentaci\u00f3n del sello dedicado a la competici\u00f3n, del que Correos ha realizado una tirada de 180.000 ejemplares.<\/p>\n<p>Antonio Bola\u00f1os, director gerente de la regata, ha destacado que este hecho supone un hito m\u00e1s en la excelente relaci\u00f3n que mantienen con el pa\u00eds que acoge sus oficinas centrales y su museo. &#8220;Las relaciones con la Generalitat Valenciana, la ciudad de Alicante y Espa\u00f1a siempre han sido fant\u00e1sticas, y la creaci\u00f3n de este sello por parte de Correos es una nueva muestra de ello. Adem\u00e1s nos sigue llegando a las oficinas mucho correo postal, y la vela es un mundo muy dado al coleccionismo, por lo que seguro que va a ser un \u00e9xito&#8221;, manifest\u00f3.<\/p>\n<p>Modesto Fraguas Herrera, director de Imagen, Marca y Filatelia de Correos, destac\u00f3 la gran relaci\u00f3n de la empresa con el mundo de la vela. &#8220;Hemos emitido m\u00e1s de una docena de sellos relacionados con la vela, con regatas como la Copa Am\u00e9rica, los Juegos Ol\u00edmpicos o los Mundiales, y solo nos faltaba la Volvo Ocean Race para completarlo&#8221;.<\/p>\n<div id=\"slideshow-gallery\" class=\"fotorama col fotorama1531145056070\" data-width=\"100%\" data-ratio=\"4\/3\" data-nav=\"thumbs\" data-hash=\"\" data-allowfullscreen=\"true\" data-transition=\"slide\" data-autoplay=\"false\" data-fit=\"contain\" data-navposition=\"bottom\" data-loop=\"true\" data-thumbwidth=\"\" data-thumbheight=\"\">\n<div class=\"fotorama__wrap fotorama__wrap--css3 fotorama__wrap--slide fotorama__wrap--toggle-arrows fotorama__wrap--no-shadows\">\n<div class=\"fotorama__nav-wrap\">\n<div class=\"fotorama__nav fotorama__nav--thumbs\">\n<div class=\"fotorama__nav__shaft\">\n<div class=\"fotorama__thumb-border\"><\/div>\n<div class=\"fotorama__nav__frame fotorama__nav__frame--thumb\" role=\"button\">\n<div class=\"fotorama__thumb fotorama__loaded fotorama__loaded--img\"><\/div>\n<\/div>\n<div class=\"fotorama__nav__frame fotorama__nav__frame--thumb fotorama__active\" role=\"button\">\n<div class=\"fotorama__thumb fotorama__loaded fotorama__loaded--img\"><img decoding=\"async\" class=\"fotorama__img\" src=\"https:\/\/www.volvooceanrace.com\/static\/assets\/2017-18\/cropped\/1229\/m122806_crop169003_680x382_1531138525432A.jpg\" alt=\"\" title=\"\"><\/div>\n<\/div>\n<\/div>\n<\/div>\n<\/div>\n<\/div>\n<\/div>\n<p>Rufino Selva, subdirector general de la Sociedad de Proyectos Tem\u00e1ticos de la Comunidad Valenciana, destac\u00f3 lo que supone la creaci\u00f3n de este sello para el proyecto. &#8220;Alicante ha acogido ya cuatro salidas de la vuelta al mundo a vela y va a acoger las dos siguientes salidas. El president Ximo Puig me pide que traslade su total apoyo a la vuelta al Mundo a vela. Este sello es una prueba m\u00e1s de la excelente relaci\u00f3n que nos une; adem\u00e1s, en mi caso personal he trabajado diez a\u00f1os en Correos, por lo que estoy encantado&#8221;.<\/p>\n<figure class=\"img-left img-50\"><\/figure>\n<p>Por \u00faltimo, el alcalde de Alicante, Luis Barcala, aprovech\u00f3 para transmitir su gran pasi\u00f3n por la regata. &#8220;Esperemos que la regata siga muchos m\u00e1s a\u00f1os aqu\u00ed y vamos a trabajar en la pr\u00f3xima edici\u00f3n de 2021 y los actos que tenemos previsto realizar en 2019&#8221;, dijo.<br \/>\nComo curiosidad, el sello tiene un valor facial de 1,35 euros, que se corresponde con la tarifa de cartas y tarjetas postales que se env\u00edan a Europa.<\/p>\n<\/div>\n","protected":false},"excerpt":{"rendered":"<p>Alicante Puerto de Salida de la Vuelta al Mundo a Vela ya tiene su sello El Museo de la regata acoge la presentaci\u00f3n del sello dedicado a la edici\u00f3n 2017-18 Alicante, Puerto de Salida de la Vuelta al Mundo a Vela 2017-18, ya tiene su sello. El Museo de la regata ha acogido la presentaci\u00f3n [&hellip;]<\/p>\n","protected":false},"author":1,"featured_media":15443,"comment_status":"closed","ping_status":"closed","sticky":false,"template":"","format":"standard","meta":{"_jetpack_memberships_contains_paid_content":false,"footnotes":""},"categories":[82],"tags":[],"class_list":{"0":"post-15442","1":"post","2":"type-post","3":"status-publish","4":"format-standard","5":"has-post-thumbnail","7":"category-nautica"},"jetpack_featured_media_url":"","jetpack_sharing_enabled":true,"jetpack-related-posts":[],"_links":{"self":[{"href":"https:\/\/nautica.news\/es\/wp-json\/wp\/v2\/posts\/15442","targetHints":{"allow":["GET"]}}],"collection":[{"href":"https:\/\/nautica.news\/es\/wp-json\/wp\/v2\/posts"}],"about":[{"href":"https:\/\/nautica.news\/es\/wp-json\/wp\/v2\/types\/post"}],"author":[{"embeddable":true,"href":"https:\/\/nautica.news\/es\/wp-json\/wp\/v2\/users\/1"}],"replies":[{"embeddable":true,"href":"https:\/\/nautica.news\/es\/wp-json\/wp\/v2\/comments?post=15442"}],"version-history":[{"count":0,"href":"https:\/\/nautica.news\/es\/wp-json\/wp\/v2\/posts\/15442\/revisions"}],"wp:featuredmedia":[{"embeddable":true,"href":"https:\/\/nautica.news\/es\/wp-json\/"}],"wp:attachment":[{"href":"https:\/\/nautica.news\/es\/wp-json\/wp\/v2\/media?parent=15442"}],"wp:term":[{"taxonomy":"category","embeddable":true,"href":"https:\/\/nautica.news\/es\/wp-json\/wp\/v2\/categories?post=15442"},{"taxonomy":"post_tag","embeddable":true,"href":"https:\/\/nautica.news\/es\/wp-json\/wp\/v2\/tags?post=15442"}],"curies":[{"name":"wp","href":"https:\/\/api.w.org\/{rel}","templated":true}]}}