{"id":12140,"date":"2018-02-04T23:14:43","date_gmt":"2018-02-05T02:14:43","guid":{"rendered":"http:\/\/nautic.wnpower.host\/?p=12140"},"modified":"2018-02-04T23:14:43","modified_gmt":"2018-02-05T02:14:43","slug":"meteorologia-nieblas-marinas","status":"publish","type":"post","link":"https:\/\/nautica.news\/es\/meteorologia-nieblas-marinas\/","title":{"rendered":"Meteorolog\u00eda &#8211;  Nieblas marinas"},"content":{"rendered":"<h2>Meteorolog\u00eda &#8211;<br \/>\nNieblas marinas<\/h2>\n<p>&nbsp;<\/p>\n<p>La niebla es un gran enemiga de la navegaci\u00f3n, haciendo que las horas se alarguen por la tensi\u00f3n que existe en zonas de tr\u00e1fico intenso.<\/p>\n<p>&nbsp;<\/p>\n<p>La variaci\u00f3n experimentada por la humedad relativa del aire en relaci\u00f3n con la temperatura es el origen del fen\u00f3meno, que se expresa bajo la forma de masa de aire sobresaturada de agua.<\/p>\n<p>Existen varios tipos de nieblas marinas. Nieblas de radiaci\u00f3n. Se enfr\u00eda el suelo y el aire que est\u00e1 encima de \u00e9l. Este enfriamiento puede hacer que la masa de aire se sature, provocando la niebla. Puede desplazarse al mar en desembocaduras y puertos, pero no penetra m\u00e1s de 10 millas hacia el mar.<\/p>\n<p>La niebla se mantendr\u00e1 sobre el agua debido a que la temperatura del agua ser\u00e1 superior a la del aire que gravita encima, pero acabar\u00e1 desapareciendo cuando se igualen las temperaturas. Niebla de evaporaci\u00f3n. Producida por una masa de aire fr\u00edo sobre una masa de agua c\u00e1lida, sobresaturando la capa inferior del aire por evaporaci\u00f3n del agua. Niebla t\u00edpica del oto\u00f1o. Niebla de advecci\u00f3n o niebla de mar. Una masa de aire caliente sobre el agua del mar fr\u00eda. Se enfr\u00eda el aire y se sobresatura de agua, form\u00e1ndose la niebla. Niebla t\u00edpica de primavera.<\/p>\n","protected":false},"excerpt":{"rendered":"<p>Meteorolog\u00eda &#8211; Nieblas marinas &nbsp; La niebla es un gran enemiga de la navegaci\u00f3n, haciendo que las horas se alarguen por la tensi\u00f3n que existe en zonas de tr\u00e1fico intenso. &nbsp; La variaci\u00f3n experimentada por la humedad relativa del aire en relaci\u00f3n con la temperatura es el origen del fen\u00f3meno, que se expresa bajo la [&hellip;]<\/p>\n","protected":false},"author":1,"featured_media":0,"comment_status":"closed","ping_status":"closed","sticky":false,"template":"","format":"standard","meta":{"_jetpack_memberships_contains_paid_content":false,"footnotes":""},"categories":[120],"tags":[],"class_list":{"0":"post-12140","1":"post","2":"type-post","3":"status-publish","4":"format-standard","6":"category-clima"},"jetpack_featured_media_url":"","jetpack_sharing_enabled":true,"jetpack-related-posts":[],"_links":{"self":[{"href":"https:\/\/nautica.news\/es\/wp-json\/wp\/v2\/posts\/12140","targetHints":{"allow":["GET"]}}],"collection":[{"href":"https:\/\/nautica.news\/es\/wp-json\/wp\/v2\/posts"}],"about":[{"href":"https:\/\/nautica.news\/es\/wp-json\/wp\/v2\/types\/post"}],"author":[{"embeddable":true,"href":"https:\/\/nautica.news\/es\/wp-json\/wp\/v2\/users\/1"}],"replies":[{"embeddable":true,"href":"https:\/\/nautica.news\/es\/wp-json\/wp\/v2\/comments?post=12140"}],"version-history":[{"count":0,"href":"https:\/\/nautica.news\/es\/wp-json\/wp\/v2\/posts\/12140\/revisions"}],"wp:attachment":[{"href":"https:\/\/nautica.news\/es\/wp-json\/wp\/v2\/media?parent=12140"}],"wp:term":[{"taxonomy":"category","embeddable":true,"href":"https:\/\/nautica.news\/es\/wp-json\/wp\/v2\/categories?post=12140"},{"taxonomy":"post_tag","embeddable":true,"href":"https:\/\/nautica.news\/es\/wp-json\/wp\/v2\/tags?post=12140"}],"curies":[{"name":"wp","href":"https:\/\/api.w.org\/{rel}","templated":true}]}}